{"id":11443,"date":"2015-11-19T17:39:22","date_gmt":"2015-11-19T16:39:22","guid":{"rendered":"http:\/\/go6.si\/?p=11443"},"modified":"2015-11-19T17:39:22","modified_gmt":"2015-11-19T16:39:22","slug":"vabilo-k-udelezbi-druge-delavnice-o-podatkovnih-centrih","status":"publish","type":"post","link":"https:\/\/go6.si\/en\/2015\/11\/vabilo-k-udelezbi-druge-delavnice-o-podatkovnih-centrih\/","title":{"rendered":"(Slovensko) Vabilo k udele\u017ebi druge delavnice o podatkovnih centrih"},"content":{"rendered":"<p class=\"qtranxs-available-languages-message qtranxs-available-languages-message-en\">Sorry, this entry is only available in <a href=\"https:\/\/go6.si\/SI\/wp-json\/wp\/v2\/posts\/11443\" class=\"qtranxs-available-language-link qtranxs-available-language-link-SI\" title=\"Slovensko\">Slovensko<\/a>.<\/p>","protected":false},"excerpt":{"rendered":"<p>Sorry, this entry is only available in Slovensko.<\/p>\n","protected":false},"author":139,"featured_media":0,"comment_status":"open","ping_status":"open","sticky":false,"template":"","format":"standard","meta":{"ngg_post_thumbnail":0,"jetpack_post_was_ever_published":false,"_jetpack_newsletter_access":"","_jetpack_newsletter_tier_id":0,"jetpack_publicize_message":"","jetpack_is_tweetstorm":false,"jetpack_publicize_feature_enabled":true,"jetpack_social_post_already_shared":true,"jetpack_social_options":{"image_generator_settings":{"template":"highway","enabled":false}}},"categories":[2996],"tags":[],"jetpack_publicize_connections":[],"jetpack_featured_media_url":"","jetpack_sharing_enabled":true,"jetpack_shortlink":"https:\/\/wp.me\/ptA56-2Yz","jetpack-related-posts":[{"id":11424,"url":"https:\/\/go6.si\/en\/2015\/10\/objavljen-razpored-predavanj-za-tematsko-delavnico-o-podatkovnih-centrih\/","url_meta":{"origin":11443,"position":0},"title":"(Slovensko) Objavljen razpored predavanj za tematsko delavnico o podatkovnih centrih","author":"Urban Kunc","date":"Wednesday October 21st, 2015","format":false,"excerpt":"Vse \u010dlane Zavoda go6 in skupnosti SINOG obve\u0161\u010damo, da smo na spletnih straneh SINOG objavili preliminaren razpored predavanj in predavateljev o podatkovnih centrih, ki bo 12. novembra v Veliki dvorani Instituta Jo\u017eefa Stefana s pri\u010detkom ob 15.30. Slabih 14 dni kasneje, natan\u010dneje 25. novembra bo druga delavnica, ki bo tokrat\u2026","rel":"","context":"In &quot;Obvestila \u010dlanov go6&quot;","block_context":{"text":"Obvestila \u010dlanov go6","link":"https:\/\/go6.si\/en\/category\/obvestila-clanov-go6\/"},"img":{"alt_text":"","src":"","width":0,"height":0},"classes":[]},{"id":11650,"url":"https:\/\/go6.si\/en\/2016\/06\/11-slovenski-ipv6-summit-in-sinog-3-0-srecanje-razmisljanje\/","url_meta":{"origin":11443,"position":1},"title":"(Slovensko) 11. slovenski IPv6 summit in SINOG 3.0 sre\u010danje &#8211; razmi\u0161ljanje.","author":"JanZorz","date":"Sunday June 26th, 2016","format":false,"excerpt":"Sorry, this entry is only available in Slovensko.","rel":"","context":"In &quot;SINOG&quot;","block_context":{"text":"SINOG","link":"https:\/\/go6.si\/en\/category\/sinog\/"},"img":{"alt_text":"","src":"","width":0,"height":0},"classes":[]},{"id":11392,"url":"https:\/\/go6.si\/en\/2015\/09\/tematska-delavnica-o-podatkovnih-centrih\/","url_meta":{"origin":11443,"position":2},"title":"(Slovensko) Tematska delavnica o podatkovnih centrih","author":"Urban Kunc","date":"Tuesday September  8th, 2015","format":false,"excerpt":"Programski in upravni odbor SINOG ter Zavod go6 organizirata in vabita vse omre\u017ene strokovnjake in internetno tehni\u010dno skupnost na tematsko delavnico o podatkovnih centrih. Delavnica bo 12. novembra 2015 v Veliki dvorani Instituta Jo\u017eefa Stefana. Tematika, ki jo bomo obravnavali bo precej \u0161iroka in bo vklju\u010devala na\u010drtovanje podatkovnih centrov, njihovo\u2026","rel":"","context":"In &quot;Obvestila \u010dlanov go6&quot;","block_context":{"text":"Obvestila \u010dlanov go6","link":"https:\/\/go6.si\/en\/category\/obvestila-clanov-go6\/"},"img":{"alt_text":"","src":"","width":0,"height":0},"classes":[]},{"id":11440,"url":"https:\/\/go6.si\/en\/2015\/11\/sinog-2-1-tematska-delavnica-o-datacentrih-odprte-so-prijave-na-drugo-delavnico\/","url_meta":{"origin":11443,"position":3},"title":"(Slovensko) SINOG 2.1 tematska delavnica o datacentrih &#8211; odprte so prijave na drugo delavnico&#8230;","author":"JanZorz","date":"Tuesday November 10th, 2015","format":false,"excerpt":"Sorry, this entry is only available in Slovensko.","rel":"","context":"In &quot;SINOG&quot;","block_context":{"text":"SINOG","link":"https:\/\/go6.si\/en\/category\/sinog\/"},"img":{"alt_text":"","src":"","width":0,"height":0},"classes":[]},{"id":5403,"url":"https:\/\/go6.si\/en\/2012\/05\/siripe64-zahvala-ekipi\/","url_meta":{"origin":11443,"position":4},"title":"(Slovensko) RIPE64: Zahvala ekipi&#8230;","author":"JanZorz","date":"Thursday May  3rd, 2012","format":false,"excerpt":"RIPE64 meeting se je uspe\u0161no kon\u010dal, udele\u017eenci so bili zalo zadovoljni, vodstvo RIPE-NCC (in tudi vodja RIPE skupnosti) so mnenja, da smo postavili nove standarde tako za izbiro lokacije kot tudi za organizacijo in pomo\u010d pri izvedbi samega dogodka. Brez enkratne ekipe tu ne bi \u0161lo, zato bi se radi\u2026","rel":"","context":"In &quot;RIPE64 meeting&quot;","block_context":{"text":"RIPE64 meeting","link":"https:\/\/go6.si\/en\/category\/ripe64-meeting\/"},"img":{"alt_text":"","src":"","width":0,"height":0},"classes":[]},{"id":11436,"url":"https:\/\/go6.si\/en\/2015\/11\/tematska-delavnica-sinog-2-1-o-podatkovnih-centrih\/","url_meta":{"origin":11443,"position":5},"title":"(Slovensko) Tematska delavnica SINOG 2.1 o podatkovnih centrih &#8211; registracija je odprta!","author":"JanZorz","date":"Thursday November  5th, 2015","format":false,"excerpt":"SINOG organizira tematsko delavnico, ki bo obravnavala vse aktivnosti, ki se nana\u0161ajo na izgradnjo, upravljanje in vzdr\u017eevanje podatkovnih centrov. Podatkovni centri se danes po svetu \u0161irijo, kot gobe po de\u017eju, postajajo vse kompleksnej\u0161i, podatkovno in procesno obse\u017enej\u0161i, inteligentnej\u0161i. Podjetja in njihove odlo\u010ditve so kriti\u010dno odvisne od njih. Virtualizacija, ra\u010dunalni\u0161tvo v\u2026","rel":"","context":"In &quot;SINOG&quot;","block_context":{"text":"SINOG","link":"https:\/\/go6.si\/en\/category\/sinog\/"},"img":{"alt_text":"","src":"","width":0,"height":0},"classes":[]}],"_links":{"self":[{"href":"https:\/\/go6.si\/en\/wp-json\/wp\/v2\/posts\/11443"}],"collection":[{"href":"https:\/\/go6.si\/en\/wp-json\/wp\/v2\/posts"}],"about":[{"href":"https:\/\/go6.si\/en\/wp-json\/wp\/v2\/types\/post"}],"author":[{"embeddable":true,"href":"https:\/\/go6.si\/en\/wp-json\/wp\/v2\/users\/139"}],"replies":[{"embeddable":true,"href":"https:\/\/go6.si\/en\/wp-json\/wp\/v2\/comments?post=11443"}],"version-history":[{"count":0,"href":"https:\/\/go6.si\/en\/wp-json\/wp\/v2\/posts\/11443\/revisions"}],"wp:attachment":[{"href":"https:\/\/go6.si\/en\/wp-json\/wp\/v2\/media?parent=11443"}],"wp:term":[{"taxonomy":"category","embeddable":true,"href":"https:\/\/go6.si\/en\/wp-json\/wp\/v2\/categories?post=11443"},{"taxonomy":"post_tag","embeddable":true,"href":"https:\/\/go6.si\/en\/wp-json\/wp\/v2\/tags?post=11443"}],"curies":[{"name":"wp","href":"https:\/\/api.w.org\/{rel}","templated":true}]}}