{"id":1327,"date":"2009-09-18T13:39:14","date_gmt":"2009-09-18T11:39:14","guid":{"rendered":"http:\/\/ipv6.go6.si\/?p=1327"},"modified":"2016-06-01T19:52:52","modified_gmt":"2016-06-01T17:52:52","slug":"moj-mikro-postal-medijski-partner-go6","status":"publish","type":"post","link":"https:\/\/go6.si\/en\/2009\/09\/moj-mikro-postal-medijski-partner-go6\/","title":{"rendered":"(Slovensko) Moj Mikro postal medijski partner go6"},"content":{"rendered":"<p><!--more--><\/p>","protected":false},"excerpt":{"rendered":"<p>Sorry, this entry is only available in Slovensko.<\/p>\n","protected":false},"author":2,"featured_media":0,"comment_status":"open","ping_status":"open","sticky":false,"template":"","format":"standard","meta":{"ngg_post_thumbnail":0,"jetpack_post_was_ever_published":false,"_jetpack_newsletter_access":"","_jetpack_newsletter_tier_id":0,"jetpack_publicize_message":"","jetpack_is_tweetstorm":false,"jetpack_publicize_feature_enabled":true,"jetpack_social_post_already_shared":false,"jetpack_social_options":{"image_generator_settings":{"template":"highway","enabled":false}}},"categories":[103],"tags":[288,546,551,470,545,273,21,274,275,417,317,552,544,538,338,245,291,281],"jetpack_publicize_connections":[],"jetpack_featured_media_url":"","jetpack_sharing_enabled":true,"jetpack_shortlink":"https:\/\/wp.me\/ptA56-lp","jetpack-related-posts":[{"id":1862,"url":"https:\/\/go6.si\/en\/2009\/11\/moj-mikro-dva-clanka-o-ipv6\/","url_meta":{"origin":1327,"position":0},"title":"(Slovensko) Moj Mikro: dva \u010dlanka o IPv6&#8230;","author":"JanZorz","date":"Monday November  9th, 2009","format":false,"excerpt":"Moj Mikro je v novemberski izdaji revije objavil dva \u010dlanka na tematiko IPv6, prvi je poro\u010danje iz 2. Slo IPv6 summita, drugi je pa intervju z Martinom J. Levyjem... \u010clanka sem s privoljenjem urednika extractal iz originalnega .pdf-ja in ju tu na ogled postavil, vam v bralno zadovoljstvo :) Poro\u010dilo\u2026","rel":"","context":"In &quot;IPv6 events&quot;","block_context":{"text":"IPv6 events","link":"https:\/\/go6.si\/en\/category\/ipv6-events\/"},"img":{"alt_text":"","src":"","width":0,"height":0},"classes":[]},{"id":2480,"url":"https:\/\/go6.si\/en\/2010\/02\/3-slo-ipv6-summit-go6\/","url_meta":{"origin":1327,"position":1},"title":"(Slovensko) 3. Slo IPv6 summit","author":"JanZorz","date":"Monday February 22nd, 2010","format":false,"excerpt":"12. in 13. maja bo v organizaciji Arnesa, LTFE in Zavoda go6 potekal \u017ee 3. Slo IPv6 summit. Ker bo manj kot mesec dni pred summitom dolo\u010dene IPv6 tematike obdelala \u017ee konferenca VITEL, pri kateri sodelujemo tudi \u010dlani strokovnega sveta zavoda go6, bo tokratni IPv6 summit iz tehni\u010dnega vidika obdelal\u2026","rel":"","context":"In &quot;go6.si \u010dlani&quot;","block_context":{"text":"go6.si \u010dlani","link":"https:\/\/go6.si\/en\/category\/go6si-clani\/"},"img":{"alt_text":"","src":"","width":0,"height":0},"classes":[]},{"id":2187,"url":"https:\/\/go6.si\/en\/2009\/12\/ipv6-in-go6-v-medijih\/","url_meta":{"origin":1327,"position":2},"title":"(Slovensko) IPv6 in go6 v medijih","author":"JanZorz","date":"Wednesday December 23rd, 2009","format":false,"excerpt":"Revija monitor je v zadnji leto\u0161nji izdaji znotraj \u010dlanka o konferenci INFOSEK2009 zapisala nekaj besed o poteku konference, o glavnem gostu Gunnarju Poradi, nadaljuje se pa z intervjujem, ki ga je Edi \u0160trosar naredil z mano v \u010dasu konference... Intervju je zelo poenostavljen, a \u0161e vedno dovolj informativen za \u0161ir\u0161o\u2026","rel":"","context":"In &quot;\u010clanki&quot;","block_context":{"text":"\u010clanki","link":"https:\/\/go6.si\/en\/category\/clanki\/"},"img":{"alt_text":"","src":"https:\/\/i0.wp.com\/ipv6.go6.si\/wp-content\/uploads\/2009\/12\/2009-12-23-10.10.581-225x300.jpg?resize=350%2C200","width":350,"height":200},"classes":[]},{"id":6105,"url":"https:\/\/go6.si\/en\/2013\/02\/moj-mikro-objavil-tudi-spletno-razlicico-clanka-ipv6\/","url_meta":{"origin":1327,"position":3},"title":"(Slovensko) Moj Mikro objavil tudi spletno razli\u010dico \u010dlanka o IPv6","author":"JanZorz","date":"Wednesday February 13th, 2013","format":false,"excerpt":"Moj Mikro je 6. Februarja objavil 1. del spletne razli\u010dice \u010dlanka v natisnjeni izdaji, v katerem Matja\u017e Straus Isteni\u010d (Arnes) in Jan \u017dor\u017e (Go6) ugotavljata, da Internet poka po \u0161ivih. Bralce je prvi del pustil v pri\u010dakovanju in z veliko vpra\u0161anji do 13. Februarja, ko je bilo objavljeno nadaljevanje \u010dlanka,\u2026","rel":"","context":"In &quot;\u010clanki&quot;","block_context":{"text":"\u010clanki","link":"https:\/\/go6.si\/en\/category\/clanki\/"},"img":{"alt_text":"","src":"","width":0,"height":0},"classes":[]},{"id":2172,"url":"https:\/\/go6.si\/en\/2009\/12\/2-sestanek-strokovnega-sveta-zavoda-go6\/","url_meta":{"origin":1327,"position":4},"title":"(Slovensko) 2. sestanek strokovnega sveta zavoda go6.","author":"JanZorz","date":"Tuesday December 22nd, 2009","format":false,"excerpt":"V\u010deraj, 21.12.2009 se je spet sestal strokovni svet zavoda go6. Prisotni: Davor \u0160o\u0161tari\u010d (MVZT), Matja\u017e Straus (Arnes), Urban Kunc (Apek), Janez Sterle (LTFE) in Jan \u017dor\u017e (go6). Glavne tematike so bile tri; poro\u010dilo iz obiska na CARNetu, oblikovanje komercialnega enodnevnega izobra\u017eevanja o IPv6 (namenjeno management kadrom in decision makerjem) ter\u2026","rel":"","context":"In &quot;Strokovni svet go6&quot;","block_context":{"text":"Strokovni svet go6","link":"https:\/\/go6.si\/en\/category\/strokovni-svet-go6\/"},"img":{"alt_text":"","src":"https:\/\/i0.wp.com\/ipv6.go6.si\/\/wp-content\/uploads\/2009\/12\/2009-12-21_2-sestanek-cakamo_zamudnike_davor_jan_urban-300x225.jpg?resize=350%2C200","width":350,"height":200},"classes":[]},{"id":2099,"url":"https:\/\/go6.si\/en\/2009\/12\/sodelovanje-cro-ipv6-tf-carnet-in-go6\/","url_meta":{"origin":1327,"position":5},"title":"(Slovensko) Sodelovanje Cro IPv6 TF &#8211; CARNet in go6.","author":"JanZorz","date":"Thursday December 17th, 2009","format":false,"excerpt":"V\u010deraj smo se trije \u010dlani strokovnega sveta zavoda go6 sestali s predstavniki CARNeta, hrva\u0161ke akademske in raziskovalne mre\u017ee z namenom pogovora o sodelovanju in pomo\u010di go6 platforme pri uvajanju IPv6 pri na\u0161ih sosedih. Sestanek je bil zelo produktiven, \u0161koda da se ga ni uspel udele\u017eiti noben predstavnik Cro IPv6 Task\u2026","rel":"","context":"In &quot;IPv6 cooperation&quot;","block_context":{"text":"IPv6 cooperation","link":"https:\/\/go6.si\/en\/category\/ipv6-cooperation\/"},"img":{"alt_text":"","src":"","width":0,"height":0},"classes":[]}],"_links":{"self":[{"href":"https:\/\/go6.si\/en\/wp-json\/wp\/v2\/posts\/1327"}],"collection":[{"href":"https:\/\/go6.si\/en\/wp-json\/wp\/v2\/posts"}],"about":[{"href":"https:\/\/go6.si\/en\/wp-json\/wp\/v2\/types\/post"}],"author":[{"embeddable":true,"href":"https:\/\/go6.si\/en\/wp-json\/wp\/v2\/users\/2"}],"replies":[{"embeddable":true,"href":"https:\/\/go6.si\/en\/wp-json\/wp\/v2\/comments?post=1327"}],"version-history":[{"count":0,"href":"https:\/\/go6.si\/en\/wp-json\/wp\/v2\/posts\/1327\/revisions"}],"wp:attachment":[{"href":"https:\/\/go6.si\/en\/wp-json\/wp\/v2\/media?parent=1327"}],"wp:term":[{"taxonomy":"category","embeddable":true,"href":"https:\/\/go6.si\/en\/wp-json\/wp\/v2\/categories?post=1327"},{"taxonomy":"post_tag","embeddable":true,"href":"https:\/\/go6.si\/en\/wp-json\/wp\/v2\/tags?post=1327"}],"curies":[{"name":"wp","href":"https:\/\/api.w.org\/{rel}","templated":true}]}}