{"id":2725,"date":"2010-04-08T21:46:27","date_gmt":"2010-04-08T20:46:27","guid":{"rendered":"http:\/\/go6.si\/?p=2725"},"modified":"2010-04-08T21:46:27","modified_gmt":"2010-04-08T20:46:27","slug":"prebliski-in-utrinki-iz-ibm-foruma-v-portorozu","status":"publish","type":"post","link":"https:\/\/go6.si\/en\/2010\/04\/prebliski-in-utrinki-iz-ibm-foruma-v-portorozu\/","title":{"rendered":"(Slovensko) Prebliski in utrinki iz IBM foruma v Portoro\u017eu."},"content":{"rendered":"<p class=\"qtranxs-available-languages-message qtranxs-available-languages-message-en\">Sorry, this entry is only available in <a href=\"https:\/\/go6.si\/SI\/wp-json\/wp\/v2\/posts\/2725\" class=\"qtranxs-available-language-link qtranxs-available-language-link-SI\" title=\"Slovensko\">Slovensko<\/a>.<\/p>","protected":false},"excerpt":{"rendered":"<p>Sorry, this entry is only available in Slovensko.<\/p>\n","protected":false},"author":2,"featured_media":0,"comment_status":"open","ping_status":"open","sticky":false,"template":"","format":"standard","meta":{"ngg_post_thumbnail":0,"jetpack_post_was_ever_published":false,"_jetpack_newsletter_access":"","_jetpack_newsletter_tier_id":0,"jetpack_publicize_message":"","jetpack_is_tweetstorm":false,"jetpack_publicize_feature_enabled":true,"jetpack_social_post_already_shared":false,"jetpack_social_options":{"image_generator_settings":{"template":"highway","enabled":false}}},"categories":[1169],"tags":[546,286,523,604,307,493,1307,813,835,695,958,333,295,318,1637,272,424,1634,1635,1636],"jetpack_publicize_connections":[],"jetpack_featured_media_url":"","jetpack_sharing_enabled":true,"jetpack_shortlink":"https:\/\/wp.me\/ptA56-HX","jetpack-related-posts":[{"id":5795,"url":"https:\/\/go6.si\/en\/2012\/08\/ietf-prva-analiza-kaj-je-potrebno-da-zanemo-ugasati-ipv4\/","url_meta":{"origin":2725,"position":0},"title":"(Slovensko) IETF: prva analiza, kaj je \u0161e potrebno, da za\u010dnemo uga\u0161ati IPv4","author":"JanZorz","date":"Wednesday August  8th, 2012","format":false,"excerpt":"na IETF se je pojavil prvi Internet draft, v katerem avtorji ugotavljajo, kaj vse bo \u0161e potrebno storiti oziroma kje so prepreke, zaradi katerih \u0161e ne moremo pri\u010deti z uga\u0161anjem IPv4 protokola v omre\u017ejih in storitvah... To so prvi za\u010detki razmi\u0161ljanj, predvsem pa analiz kako bi lahko v prihodnosti za\u010deli\u2026","rel":"","context":"In &quot;IPv6 izku\u0161nje pri uvajanju&quot;","block_context":{"text":"IPv6 izku\u0161nje pri uvajanju","link":"https:\/\/go6.si\/en\/category\/ipv6-izkusnje-pri-uvajanju\/"},"img":{"alt_text":"","src":"","width":0,"height":0},"classes":[]},{"id":3768,"url":"https:\/\/go6.si\/en\/2010\/12\/7-ipv4-blokov-ostaja-za-razdelitev-regionalnim-internetnim-registrom\/","url_meta":{"origin":2725,"position":1},"title":"(Slovensko) \u0160e 7 IPv4 blokov ostaja za razdelitev regionalnim internetnim registrom&#8230;","author":"JanZorz","date":"Wednesday December  1st, 2010","format":false,"excerpt":"IANA deli zadnje bloke \/8 IPv4 naslovnega prostora, dva sta na\u0161la svoj \"dom\" na RIPE-NCC, tako da jih v globalnem \"skladi\u0161\u010du\" ostaja \u0161e 7 (manj kot 2%), kar pa v resnici pomeni 2+5... V novembru 2010 je IANA alocirala 5 blokov naslovnega prostora razli\u010dnim RIRom. 005\/8 RIPE NCC 2010-11 whois.ripe.net\u2026","rel":"","context":"In &quot;IPv4 exhaustion&quot;","block_context":{"text":"IPv4 exhaustion","link":"https:\/\/go6.si\/en\/category\/ipv4-exhaustion\/"},"img":{"alt_text":"","src":"","width":0,"height":0},"classes":[]},{"id":3456,"url":"https:\/\/go6.si\/en\/2010\/09\/go6-povabljen-na-eu-ipv6-efforts-panelno-diskusijo\/","url_meta":{"origin":2725,"position":2},"title":"(Slovensko) go6 povabljen na &#8220;EU IPv6 Efforts&#8221; panelno diskusijo&#8230;","author":"JanZorz","date":"Wednesday September 29th, 2010","format":false,"excerpt":"v6 World summit, ki se bo zgodil februarja 2011 v Parizu bo vseboval tudi panelno diskusijo \"EU IPv6 efforts - The Public Safety communication using IPv6\". Ta del dogodka je obarvan z barvami Evropske komisije, saj bo panel odprl Jaques Babbot (IPv6 European Commision Chair), razpravo bo pa vodil Latif\u2026","rel":"","context":"In &quot;IPv6 cooperation&quot;","block_context":{"text":"IPv6 cooperation","link":"https:\/\/go6.si\/en\/category\/ipv6-cooperation\/"},"img":{"alt_text":"","src":"","width":0,"height":0},"classes":[]},{"id":1837,"url":"https:\/\/go6.si\/en\/2009\/11\/evropska-komisija-opozarja-da-bo-naslednje-leto-zmanjkalo-ipv4-naslovov\/","url_meta":{"origin":2725,"position":3},"title":"(Slovensko) Evropska komisija opozarja, da bo naslednje leto zmanjkalo IPv4 naslovov.","author":"JanZorz","date":"Thursday November  5th, 2009","format":false,"excerpt":"Davor me je opozoril na \u010dlanek na dnevnik.si, pa tudi drugje sem ga zasledil, da EK spet opozarja na predpostavko, da bomo naslednje leto ostali brez IPv4 naslovov. To ni \u010disto res, saj projekcija predvideva to za leto 2011, a vseeno se mi zdi koristno, da tudi EK na ta\u2026","rel":"","context":"In &quot;Inet politika&quot;","block_context":{"text":"Inet politika","link":"https:\/\/go6.si\/en\/category\/inet-politika\/"},"img":{"alt_text":"","src":"","width":0,"height":0},"classes":[]},{"id":5067,"url":"https:\/\/go6.si\/en\/2011\/12\/sileto-2012-bo-leto-uvedbe-ipv6-vsaj-tako-napovedujejo\/","url_meta":{"origin":2725,"position":4},"title":"(Slovensko) Leto 2012 bo leto uvedbe IPv6 &#8211; vsaj tako napovedujejo&#8230;","author":"JanZorz","date":"Thursday December 29th, 2011","format":false,"excerpt":"V leto\u0161njem letu je IPv6 pri\u0161el na ve\u010d naslovnic in naslovov v velikih medijih kot v vseh letih njegovega obstoja skupaj. Predvsem gre tu zasluga iz\u010drpanju IPv4 naslovenga prostora na nivoju IANA ter World IPv6 day, ki se je zgodil sredi leta. Kaj naj bi se dogajalo naslednje leto? Uvedba\u2026","rel":"","context":"In &quot;IPv6 content&quot;","block_context":{"text":"IPv6 content","link":"https:\/\/go6.si\/en\/category\/ipv6-content\/"},"img":{"alt_text":"","src":"","width":0,"height":0},"classes":[]},{"id":4139,"url":"https:\/\/go6.si\/en\/2011\/03\/ipv6-naj-bi-povzroil-teave-antispam-mehanizmom\/","url_meta":{"origin":2725,"position":5},"title":"(Slovensko) IPv6 naj bi povzro\u010dil te\u017eave anti-spam mehanizmom&#8230;","author":"JanZorz","date":"Tuesday March 22nd, 2011","format":false,"excerpt":"The Register, britanski spletni portal za pisanje o tehnologiji in Internetu je objavil paranoi\u010den \u010dlanek, v katerem trdijo da bo IPv6 povzro\u010dil neobvladljive te\u017eave sedanjim anti-spam mehanizmom, ne pomislijo pa, da morda avtor \u010dlanka IPv6 niti od dale\u010d \u0161e ni videl in zaradi tega pi\u0161e o\u010ditne traparije... V \u010dlanku je\u2026","rel":"","context":"In &quot;IPv6 nesmisli&quot;","block_context":{"text":"IPv6 nesmisli","link":"https:\/\/go6.si\/en\/category\/ipv6-nesmisli\/"},"img":{"alt_text":"","src":"","width":0,"height":0},"classes":[]}],"_links":{"self":[{"href":"https:\/\/go6.si\/en\/wp-json\/wp\/v2\/posts\/2725"}],"collection":[{"href":"https:\/\/go6.si\/en\/wp-json\/wp\/v2\/posts"}],"about":[{"href":"https:\/\/go6.si\/en\/wp-json\/wp\/v2\/types\/post"}],"author":[{"embeddable":true,"href":"https:\/\/go6.si\/en\/wp-json\/wp\/v2\/users\/2"}],"replies":[{"embeddable":true,"href":"https:\/\/go6.si\/en\/wp-json\/wp\/v2\/comments?post=2725"}],"version-history":[{"count":0,"href":"https:\/\/go6.si\/en\/wp-json\/wp\/v2\/posts\/2725\/revisions"}],"wp:attachment":[{"href":"https:\/\/go6.si\/en\/wp-json\/wp\/v2\/media?parent=2725"}],"wp:term":[{"taxonomy":"category","embeddable":true,"href":"https:\/\/go6.si\/en\/wp-json\/wp\/v2\/categories?post=2725"},{"taxonomy":"post_tag","embeddable":true,"href":"https:\/\/go6.si\/en\/wp-json\/wp\/v2\/tags?post=2725"}],"curies":[{"name":"wp","href":"https:\/\/api.w.org\/{rel}","templated":true}]}}