{"id":2735,"date":"2010-04-15T07:26:30","date_gmt":"2010-04-15T06:26:30","guid":{"rendered":"http:\/\/go6.si\/?p=2735"},"modified":"2010-04-15T07:26:30","modified_gmt":"2010-04-15T06:26:30","slug":"zakljucujemo-spisek-sodelujocih-pri-okrogli-mizi-na-summitu","status":"publish","type":"post","link":"https:\/\/go6.si\/en\/2010\/04\/zakljucujemo-spisek-sodelujocih-pri-okrogli-mizi-na-summitu\/","title":{"rendered":"(Slovensko) Zaklju\u010dujemo spisek sodelujo\u010dih pri okrogli mizi na summitu."},"content":{"rendered":"<p class=\"qtranxs-available-languages-message qtranxs-available-languages-message-en\">Sorry, this entry is only available in <a href=\"https:\/\/go6.si\/SI\/wp-json\/wp\/v2\/posts\/2735\" class=\"qtranxs-available-language-link qtranxs-available-language-link-SI\" title=\"Slovensko\">Slovensko<\/a>.<\/p>","protected":false},"excerpt":{"rendered":"<p>Sorry, this entry is only available in Slovensko.<\/p>\n","protected":false},"author":2,"featured_media":0,"comment_status":"open","ping_status":"open","sticky":false,"template":"","format":"standard","meta":{"ngg_post_thumbnail":0,"jetpack_post_was_ever_published":false,"_jetpack_newsletter_access":"","_jetpack_newsletter_tier_id":0,"jetpack_publicize_message":"","jetpack_is_tweetstorm":false,"jetpack_publicize_feature_enabled":true,"jetpack_social_post_already_shared":false,"jetpack_social_options":{"image_generator_settings":{"template":"highway","enabled":false}}},"categories":[5],"tags":[546,415,470,21,1204,279,290,255,311,259,355,1108,245,332,285,260,489,277,258,281,269],"jetpack_publicize_connections":[],"jetpack_featured_media_url":"","jetpack_sharing_enabled":true,"jetpack_shortlink":"https:\/\/wp.me\/ptA56-I7","jetpack-related-posts":[{"id":2480,"url":"https:\/\/go6.si\/en\/2010\/02\/3-slo-ipv6-summit-go6\/","url_meta":{"origin":2735,"position":0},"title":"(Slovensko) 3. Slo IPv6 summit","author":"JanZorz","date":"Monday February 22nd, 2010","format":false,"excerpt":"12. in 13. maja bo v organizaciji Arnesa, LTFE in Zavoda go6 potekal \u017ee 3. Slo IPv6 summit. Ker bo manj kot mesec dni pred summitom dolo\u010dene IPv6 tematike obdelala \u017ee konferenca VITEL, pri kateri sodelujemo tudi \u010dlani strokovnega sveta zavoda go6, bo tokratni IPv6 summit iz tehni\u010dnega vidika obdelal\u2026","rel":"","context":"In &quot;go6.si \u010dlani&quot;","block_context":{"text":"go6.si \u010dlani","link":"https:\/\/go6.si\/en\/category\/go6si-clani\/"},"img":{"alt_text":"","src":"","width":0,"height":0},"classes":[]},{"id":2954,"url":"https:\/\/go6.si\/en\/2010\/05\/3-slo-ipv6-summit-koncan\/","url_meta":{"origin":2735,"position":1},"title":"(Slovensko) 3. Slo IPv6 summit","author":"JanZorz","date":"Friday May 14th, 2010","format":false,"excerpt":"Za nami je 3. Slo IPv6 summit, v organizaciji zavoda go6, Arnesa in LTFE. Glavni sponzor je bil tokrat Cisco, za kar se jim zelo lepo zahvaljujemo. Kaj se je dogajalo? Marsikaj... Po mojem zelo kratkem uvodnem pozdravnem govoru je besedo prevzel dr. J\u00f3zsef Gy\u00f6rk\u00f6s, dr\u017eavni sekretar na ministrstvu za\u2026","rel":"","context":"In &quot;IPv6 events&quot;","block_context":{"text":"IPv6 events","link":"https:\/\/go6.si\/en\/category\/ipv6-events\/"},"img":{"alt_text":"","src":"","width":0,"height":0},"classes":[]},{"id":1870,"url":"https:\/\/go6.si\/en\/2009\/11\/davor-sostaric-postal-clan-strokovnega-sveta-go6\/","url_meta":{"origin":2735,"position":2},"title":"(Slovensko) Davor \u0160o\u0161tari\u010d postal \u010dlan strokovnega sveta go6&#8230;","author":"JanZorz","date":"Thursday November 12th, 2009","format":false,"excerpt":"Davor \u0160o\u0161tari\u010d, sekretar na ministrstvu za visoko \u0161olstvo, znanost in tehnologijo in direktoratu za informacijsko dru\u017ebo (MVZT\/DID) je dne 10.11.2009 postal \u010dlan strokovnega sveta zavoda go6... \u0160o\u0161tari\u010d je naredil \u017ee veliko dobrega za internet v Sloveniji, med drugim je bil tudi soudele\u017een pri ustanovitvi Arnesa. Pred kak\u0161nim desetletjem je za\u010del\u2026","rel":"","context":"In &quot;go6.si \u010dlani&quot;","block_context":{"text":"go6.si \u010dlani","link":"https:\/\/go6.si\/en\/category\/go6si-clani\/"},"img":{"alt_text":"","src":"","width":0,"height":0},"classes":[]},{"id":3462,"url":"https:\/\/go6.si\/en\/2010\/10\/dokument-ipv6-ripencc\/","url_meta":{"origin":2735,"position":3},"title":"(Slovensko) Dokument z zahtevami IPv6 podpore v IKT opremi je objavljen na RIPE-NCC portalu.","author":"JanZorz","date":"Friday October  1st, 2010","format":false,"excerpt":"Strokovni svet go6 in slovenska IPv6 delovna skupina sta pripravila predlog dokumenta, v katerem smo specificirali potrebno podporo IPv6 standardom v IKT opremi. Dokument, ki je v originalu v sloven\u0161\u010dini si je preko google-translate mehanizma ogledalo nekaj vodij RIPE delovnih skupin na prej\u0161njem sre\u010danju v Pragi in danes je dokument\u2026","rel":"","context":"In &quot;IPv6 cooperation&quot;","block_context":{"text":"IPv6 cooperation","link":"https:\/\/go6.si\/en\/category\/ipv6-cooperation\/"},"img":{"alt_text":"","src":"","width":0,"height":0},"classes":[]},{"id":4701,"url":"https:\/\/go6.si\/en\/2011\/09\/dvig-ipv6-ozaveenosti-na-severovzhodu-slovenije\/","url_meta":{"origin":2735,"position":4},"title":"(Slovensko) Dvig IPv6 ozave\u0161\u010denosti na severovzhodu Slovenije&#8230;","author":"JanZorz","date":"Wednesday September 28th, 2011","format":false,"excerpt":"Lancom je sistemski integrator, ki ve\u010dinoma skrbi za stranke na \u0160tajerskem koncu, zato smo bili veseli povabila na njihov letni dogodek in sre\u010danje njihovih partnerjev, kjer smo prvi dan skupaj s Sanderjem Steffanom (RIPE Address Policy WG co-chair) prenesli IPv6 sporo\u010dilo v nabito polno dvorano, drugi dan pa se nama\u2026","rel":"","context":"In &quot;IPv6 events&quot;","block_context":{"text":"IPv6 events","link":"https:\/\/go6.si\/en\/category\/ipv6-events\/"},"img":{"alt_text":"","src":"","width":0,"height":0},"classes":[]},{"id":1259,"url":"https:\/\/go6.si\/en\/2009\/09\/2-slo-ipv6-summit-strani-in-registracija-sedaj-odprta\/","url_meta":{"origin":2735,"position":5},"title":"(Slovensko) 2. Slo IPv6 summit strani in registracija sedaj odprte.","author":"JanZorz","date":"Saturday September  5th, 2009","format":false,"excerpt":"Na desni ste \u017ee opazili povezave do strani 2. Slo IPv6 summita in 6deploy delavnice. Od tega trenutka naprej so strani dostopne in registracija odprta. Program sre\u010danja se bo verjetno \u0161e spreminjal, dodali bomo imena na sekciji \"updates\", nekatera podjetja bodo dodana, nekatera odvzeta, predvsem pa bomo sformulirali do konca\u2026","rel":"","context":"In &quot;IPv6 predavanja&quot;","block_context":{"text":"IPv6 predavanja","link":"https:\/\/go6.si\/en\/category\/ipv6-predavanja\/"},"img":{"alt_text":"","src":"","width":0,"height":0},"classes":[]}],"_links":{"self":[{"href":"https:\/\/go6.si\/en\/wp-json\/wp\/v2\/posts\/2735"}],"collection":[{"href":"https:\/\/go6.si\/en\/wp-json\/wp\/v2\/posts"}],"about":[{"href":"https:\/\/go6.si\/en\/wp-json\/wp\/v2\/types\/post"}],"author":[{"embeddable":true,"href":"https:\/\/go6.si\/en\/wp-json\/wp\/v2\/users\/2"}],"replies":[{"embeddable":true,"href":"https:\/\/go6.si\/en\/wp-json\/wp\/v2\/comments?post=2735"}],"version-history":[{"count":0,"href":"https:\/\/go6.si\/en\/wp-json\/wp\/v2\/posts\/2735\/revisions"}],"wp:attachment":[{"href":"https:\/\/go6.si\/en\/wp-json\/wp\/v2\/media?parent=2735"}],"wp:term":[{"taxonomy":"category","embeddable":true,"href":"https:\/\/go6.si\/en\/wp-json\/wp\/v2\/categories?post=2735"},{"taxonomy":"post_tag","embeddable":true,"href":"https:\/\/go6.si\/en\/wp-json\/wp\/v2\/tags?post=2735"}],"curies":[{"name":"wp","href":"https:\/\/api.w.org\/{rel}","templated":true}]}}