{"id":2995,"date":"2010-05-20T08:44:45","date_gmt":"2010-05-20T07:44:45","guid":{"rendered":"http:\/\/go6.si\/?p=2995"},"modified":"2010-05-21T06:36:29","modified_gmt":"2010-05-21T05:36:29","slug":"go6-predavanje-na-google-ipv6-implementors-konferenci-potrjeno-in-v-agendi","status":"publish","type":"post","link":"https:\/\/go6.si\/en\/2010\/05\/go6-predavanje-na-google-ipv6-implementors-konferenci-potrjeno-in-v-agendi\/","title":{"rendered":"(Slovensko) Go6 predavanje na Google IPv6 implementors konferenci potrjeno in v agendi."},"content":{"rendered":"<p class=\"qtranxs-available-languages-message qtranxs-available-languages-message-en\">Sorry, this entry is only available in <a href=\"https:\/\/go6.si\/SI\/wp-json\/wp\/v2\/posts\/2995\" class=\"qtranxs-available-language-link qtranxs-available-language-link-SI\" title=\"Slovensko\">Slovensko<\/a>.<\/p>","protected":false},"excerpt":{"rendered":"<p>Sorry, this entry is only available in Slovensko.<\/p>\n","protected":false},"author":2,"featured_media":0,"comment_status":"open","ping_status":"open","sticky":false,"template":"","format":"standard","meta":{"ngg_post_thumbnail":0,"jetpack_post_was_ever_published":false,"_jetpack_newsletter_access":"","_jetpack_newsletter_tier_id":0,"jetpack_publicize_message":"","jetpack_is_tweetstorm":false,"jetpack_publicize_feature_enabled":true,"jetpack_social_post_already_shared":false,"jetpack_social_options":{"image_generator_settings":{"template":"highway","enabled":false}}},"categories":[1797],"tags":[286,254,746,34,423,682,1793,792,811,1796,304,259,714,606,1679,1654,549,694,1795,258,1794],"jetpack_publicize_connections":[],"jetpack_featured_media_url":"","jetpack_sharing_enabled":true,"jetpack_shortlink":"https:\/\/wp.me\/ptA56-Mj","jetpack-related-posts":[{"id":2981,"url":"https:\/\/go6.si\/en\/2010\/05\/povabljen-kot-predavatelj-na-google-ipv6-implementors-conference-2010\/","url_meta":{"origin":2995,"position":0},"title":"(Slovensko) Povabljen kot predavatelj na Google IPv6 implementors conference 2010.","author":"JanZorz","date":"Tuesday May 18th, 2010","format":false,"excerpt":"Na predlog Martina J. Levy-ja sem od Lorenzo Colitti-ja prejel vabilo kot predavatelj na Googlovi IPv6 konferenci v Mountain View, CA. Navdu\u0161ila jih je moja predstavitev na RIPE60, ko sem predstavil delo go6 platforme in na\u0161a prizadevanja za uvedbo IPv6 ter predstavitev uvedbe IPv6 na dva na\u0161a mobilna operaterja, Tu\u0161mobil\u2026","rel":"","context":"In &quot;IPv6 events&quot;","block_context":{"text":"IPv6 events","link":"https:\/\/go6.si\/en\/category\/ipv6-events\/"},"img":{"alt_text":"","src":"","width":0,"height":0},"classes":[]},{"id":3082,"url":"https:\/\/go6.si\/en\/2010\/06\/predavanje-na-ggle-ipv6-implementors-konferenci\/","url_meta":{"origin":2995,"position":1},"title":"(Slovensko) Predavanje na G::gle IPv6 implementors konferenci&#8230;","author":"JanZorz","date":"Friday June 11th, 2010","format":false,"excerpt":"Done! Moje predavanje je kon\u010dano, live demo z N900 telefonom je uspel brez te\u017eav, Rok je pa trenutno \u0161e na odru, na panelni razpravi glede CPE in IPv6... Priznam, da se mi je kar malo glas tresel, bilo je tudi malo tesnobe, ko sem stopil pred to dvorano, kjer sedijo\u2026","rel":"","context":"In &quot;Google IPv6 conference&quot;","block_context":{"text":"Google IPv6 conference","link":"https:\/\/go6.si\/en\/category\/google-ipv6-conference\/"},"img":{"alt_text":"","src":"","width":0,"height":0},"classes":[]},{"id":3254,"url":"https:\/\/go6.si\/en\/2010\/08\/4-slo-ipv6-summit-zacenjamo-z-organizacijo-dogodka\/","url_meta":{"origin":2995,"position":2},"title":"(Slovensko) 4. Slo IPv6 summit &#8211; za\u010denjamo z organizacijo dogodka","author":"JanZorz","date":"Thursday August  5th, 2010","format":false,"excerpt":"Konec novembra se bo odvijal \u017ee 4. Slo IPv6 summit, na katerega smo \u017ee povabili kar nekaj tujih gostov, ki so se vabilu z veseljem odzvali... Spored summita je \u0161e v zelo grobi in nepopolni obliki (zaenkrat v glavi), a nekaj podatkov lahko izdamo: glavni govorec (keynote) bo Patrik F\u00e4ltstr\u00f6m,\u2026","rel":"","context":"In &quot;Slo IPv6 summit&quot;","block_context":{"text":"Slo IPv6 summit","link":"https:\/\/go6.si\/en\/category\/slo-ipv6-summit-2\/"},"img":{"alt_text":"","src":"","width":0,"height":0},"classes":[]},{"id":3816,"url":"https:\/\/go6.si\/en\/2010\/12\/iskratel-podaljal-lanstvo-na-go6-platformi\/","url_meta":{"origin":2995,"position":3},"title":"(Slovensko) Iskratel podalj\u0161al \u010dlanstvo na go6 platformi&#8230;","author":"JanZorz","date":"Monday December 13th, 2010","format":false,"excerpt":"Podjetje Iskratel je podalj\u0161alo srebrno \u010dlanstvo na Go6 platformi. V preteklem letu smo skupaj naredili veliko, izvedli smo obse\u017eno IPv6 izobra\u017eevanje ter zastavili tudi nekatere druge skupne projekte in cilje, predvsem je tu uvedba IPv6 v njihove produkte ter mogo\u010de sodelovanje na POC A+P sistema, katerega se bomo lotili v\u2026","rel":"","context":"In &quot;go6.si \u010dlani&quot;","block_context":{"text":"go6.si \u010dlani","link":"https:\/\/go6.si\/en\/category\/go6si-clani\/"},"img":{"alt_text":"","src":"","width":0,"height":0},"classes":[]},{"id":5831,"url":"https:\/\/go6.si\/en\/2012\/08\/sitrije-novi-govorci-potrdili-udelebo-na-7-slo-ipv6-summitu-oktobra\/","url_meta":{"origin":2995,"position":4},"title":"(Slovensko) Trije novi govorci potrdili udele\u017ebo na 7. Slo IPv6 summitu oktobra","author":"JanZorz","date":"Thursday August 30th, 2012","format":false,"excerpt":"Z veseljem sporo\u010damo, da so za na\u0161 7. IPv6 summit potrdili udele\u017ebo \u0161e trije predavatelji svetovnega slovesa - Sander Steffann, Nathalie Trenaman (RIPE-NCC) in Mark Townsley (Cisco Fellow). Vsi trije bodo prvi dan sodelovali v minutah za poro\u010dila, drugi dan dopoldne pa na ISOC ION delu dogodka... Zgleda, da imamo\u2026","rel":"","context":"In &quot;Slo IPv6 summit&quot;","block_context":{"text":"Slo IPv6 summit","link":"https:\/\/go6.si\/en\/category\/slo-ipv6-summit-2\/"},"img":{"alt_text":"","src":"","width":0,"height":0},"classes":[]},{"id":2776,"url":"https:\/\/go6.si\/en\/2010\/04\/mobitel-tusmobil-in-go6-skupna-prezentacija-in-predavanje-na-ripe-meetingu\/","url_meta":{"origin":2995,"position":5},"title":"(Slovensko) Mobitel, Tu\u0161mobil in go6 &#8211; skupna prezentacija in predavanje na RIPE meetingu.","author":"JanZorz","date":"Thursday April 29th, 2010","format":false,"excerpt":"V prej\u0161njih zapisih sem \u017ee omenjal, da bomo tokrat na RIPE meetingu tudi aktivno sodelovali - v imenu go6, Mobitela in Tu\u0161mobila bom imel 15 minutno predavanje v torek popoldne na IPv6 WG z naslovom \"Mobile broadband and IPv6 in Slovenia\"... Kako je do tega pri\u0161lo? Marco Hogewoning je pri\u0161el\u2026","rel":"","context":"In &quot;RIPE meetings&quot;","block_context":{"text":"RIPE meetings","link":"https:\/\/go6.si\/en\/category\/ripe-meetings\/"},"img":{"alt_text":"","src":"","width":0,"height":0},"classes":[]}],"_links":{"self":[{"href":"https:\/\/go6.si\/en\/wp-json\/wp\/v2\/posts\/2995"}],"collection":[{"href":"https:\/\/go6.si\/en\/wp-json\/wp\/v2\/posts"}],"about":[{"href":"https:\/\/go6.si\/en\/wp-json\/wp\/v2\/types\/post"}],"author":[{"embeddable":true,"href":"https:\/\/go6.si\/en\/wp-json\/wp\/v2\/users\/2"}],"replies":[{"embeddable":true,"href":"https:\/\/go6.si\/en\/wp-json\/wp\/v2\/comments?post=2995"}],"version-history":[{"count":0,"href":"https:\/\/go6.si\/en\/wp-json\/wp\/v2\/posts\/2995\/revisions"}],"wp:attachment":[{"href":"https:\/\/go6.si\/en\/wp-json\/wp\/v2\/media?parent=2995"}],"wp:term":[{"taxonomy":"category","embeddable":true,"href":"https:\/\/go6.si\/en\/wp-json\/wp\/v2\/categories?post=2995"},{"taxonomy":"post_tag","embeddable":true,"href":"https:\/\/go6.si\/en\/wp-json\/wp\/v2\/tags?post=2995"}],"curies":[{"name":"wp","href":"https:\/\/api.w.org\/{rel}","templated":true}]}}