{"id":3414,"date":"2010-09-13T14:54:39","date_gmt":"2010-09-13T13:54:39","guid":{"rendered":"http:\/\/go6.si\/?p=3414"},"modified":"2010-09-13T14:54:39","modified_gmt":"2010-09-13T13:54:39","slug":"igf2010-prispeli-vilnius","status":"publish","type":"post","link":"https:\/\/go6.si\/en\/2010\/09\/igf2010-prispeli-vilnius\/","title":{"rendered":"(Slovensko) IGF2010: Prispeli v Vilnius&#8230;"},"content":{"rendered":"<p class=\"qtranxs-available-languages-message qtranxs-available-languages-message-en\">Sorry, this entry is only available in <a href=\"https:\/\/go6.si\/SI\/wp-json\/wp\/v2\/posts\/3414\" class=\"qtranxs-available-language-link qtranxs-available-language-link-SI\" title=\"Slovensko\">Slovensko<\/a>.<\/p>","protected":false},"excerpt":{"rendered":"<p>Sorry, this entry is only available in Slovensko.<\/p>\n","protected":false},"author":2,"featured_media":0,"comment_status":"open","ping_status":"open","sticky":false,"template":"","format":"standard","meta":{"ngg_post_thumbnail":0,"jetpack_post_was_ever_published":false,"_jetpack_newsletter_access":"","_jetpack_newsletter_tier_id":0,"jetpack_publicize_message":"","jetpack_is_tweetstorm":false,"jetpack_publicize_feature_enabled":true,"jetpack_social_post_already_shared":false,"jetpack_social_options":{"image_generator_settings":{"template":"highway","enabled":false}}},"categories":[903,33],"tags":[2173,264,289,253,1848,413,2146,82,2145,281],"jetpack_publicize_connections":[],"jetpack_featured_media_url":"","jetpack_sharing_enabled":true,"jetpack_shortlink":"https:\/\/wp.me\/ptA56-T4","jetpack-related-posts":[{"id":3059,"url":"https:\/\/go6.si\/en\/2010\/06\/internet-governance-forum-igf-septembra-v-litvi-vilnius\/","url_meta":{"origin":3414,"position":0},"title":"(Slovensko) Internet Governance Forum (IGF) septembra v Litvi (Vilnius).","author":"JanZorz","date":"Thursday June  3rd, 2010","format":false,"excerpt":"RIPE-NCC me je v imenu NRO (zdru\u017eenje vseh petih RIR) kot predstavnika go6.si predlagal, da sodelujem v panelni razpravi na 5. IGF sre\u010danju, ki bo konec septembra v Vilniusu (Litva). Predlog dogodka z naslovom \"IPv6 Around The World: Surveying the Current and Future Deployment of IPv6\"\u00a0je zanimiv, predvsem pa sem\u2026","rel":"","context":"In &quot;IPv6 events&quot;","block_context":{"text":"IPv6 events","link":"https:\/\/go6.si\/en\/category\/ipv6-events\/"},"img":{"alt_text":"","src":"","width":0,"height":0},"classes":[]},{"id":3382,"url":"https:\/\/go6.si\/en\/2010\/09\/internet-governance-forum-2010-vilniusu-litva-se-zane-naslednji-teden\/","url_meta":{"origin":3414,"position":1},"title":"(Slovensko) Internet Governance Forum 2010 v Vilniusu (Litva) se za\u010dne naslednji teden&#8230;","author":"JanZorz","date":"Tuesday September  7th, 2010","format":false,"excerpt":"IGF2010, zadnji od petih eventov v seriji \"internet governance forum\", ki je namenjena predvsem vladnim in dr\u017eavni\u0161kim organizacijam se za\u010dne naslednji teden, 14. septembra. Kakor sem \u017ee zapisal nas je NRO\/RIPE-NCC povabil, da predstavimo svoje delo in dose\u017eke na IPv6 v Sloveniji na workshopu, ki bo na sporedu prvi dan\u2026","rel":"","context":"In &quot;Inet politika&quot;","block_context":{"text":"Inet politika","link":"https:\/\/go6.si\/en\/category\/inet-politika\/"},"img":{"alt_text":"","src":"","width":0,"height":0},"classes":[]},{"id":3423,"url":"https:\/\/go6.si\/en\/2010\/09\/igf2010-prvi-drugi-dan\/","url_meta":{"origin":3414,"position":2},"title":"(Slovensko) IGF2010: Prvi in drugi dan","author":"JanZorz","date":"Wednesday September 15th, 2010","format":false,"excerpt":"Prvi dan IGF meetinga smo izvedli RIPE-NCC\/NRO workshop, na katerem sem tudi predaval in predstavil delovanje go6 platforme in uvedbo IPv6 v Sloveniji... Workshop je bil bolj v smislu panelne razprave, kjer so vsi udele\u017eenci imeli svoje predavanje, zaklju\u010dil se je pa z odprto razpravo. Poleg mene so svoje povedali\u2026","rel":"","context":"In &quot;IPv6 predavanja&quot;","block_context":{"text":"IPv6 predavanja","link":"https:\/\/go6.si\/en\/category\/ipv6-predavanja\/"},"img":{"alt_text":"","src":"","width":0,"height":0},"classes":[]},{"id":4432,"url":"https:\/\/go6.si\/en\/2011\/06\/jutri-je-svetovni-ipv6-dan\/","url_meta":{"origin":3414,"position":3},"title":"(Slovensko) Jutri je Svetovni IPv6 dan&#8230;","author":"JanZorz","date":"Tuesday June  7th, 2011","format":false,"excerpt":"Jutri se ob 00:00 UTC za\u010dne veliki 24 urni \u00a0\"testni polet\" Interneta na IPv6 - ugotavljali bomo, ali bo infrastruktura to prenesla, kaj se bo dogajalo ter kaj vse bo \u0161lo narobe. Predstavnik Go6 bo ve\u010der pred dogodkom pre\u017eivel v dru\u017ebi 30 najbolj\u0161ih IPv6 strokovnjakov v Amsterdamu na no\u010dnem lab-u,\u2026","rel":"","context":"In &quot;IPv6 events&quot;","block_context":{"text":"IPv6 events","link":"https:\/\/go6.si\/en\/category\/ipv6-events\/"},"img":{"alt_text":"","src":"","width":0,"height":0},"classes":[]},{"id":700,"url":"https:\/\/go6.si\/en\/2009\/07\/kako-so-se-ipv6-lotili-na-svedskem\/","url_meta":{"origin":3414,"position":4},"title":"(Slovensko) Kako so se IPv6 lotili na \u0160vedskem?","author":"JanZorz","date":"Wednesday July  1st, 2009","format":false,"excerpt":"Patrik Faltstrom, sicer zaposlen na Ciscu je zunanji svetovalec \u0161vedske vlade pri sestavljanju IPv6 nacionalne strategije. Pri\u010dakujejo, da bo tranzicija na IPv6 predvsem pospe\u0161ena s strani gospodarstva, \"market driven\" in nikakor ne prisiljena s strani dr\u017eave z zakoni in ukrepi... \u010ce bi EU in\/ali posamezne dr\u017eave nekoliko subvencionirale podjetjem prehod\u2026","rel":"","context":"In &quot;IPv6 politika&quot;","block_context":{"text":"IPv6 politika","link":"https:\/\/go6.si\/en\/category\/ipv6-politika\/"},"img":{"alt_text":"","src":"","width":0,"height":0},"classes":[]},{"id":3743,"url":"https:\/\/go6.si\/en\/2010\/11\/4-slo-ipv6-summit-je-za-nami\/","url_meta":{"origin":3414,"position":5},"title":"(Slovensko) 4. Slo IPv6 summit je za nami&#8230;","author":"JanZorz","date":"Thursday November 25th, 2010","format":false,"excerpt":"24.11.2010 smo v so-organizaciji Arnesa, LTFE in Zavoda Go6 uspe\u0161no izvedli \u017ee 4. slovenski IPv6 summit, ki se je kot vsi do sedaj odvil v Tehnolo\u0161kem Parku na Brdu pri Ljubljani. Poleg vidnih doma\u010dih strokovnjakov je imel glavni govor Patrik F\u00e4ltstr\u00f6m, tehni\u010dni panel je pa vodil Daniel Karrenberg... Dogodek je\u2026","rel":"","context":"In &quot;Slo IPv6 summit&quot;","block_context":{"text":"Slo IPv6 summit","link":"https:\/\/go6.si\/en\/category\/slo-ipv6-summit-2\/"},"img":{"alt_text":"","src":"","width":0,"height":0},"classes":[]}],"_links":{"self":[{"href":"https:\/\/go6.si\/en\/wp-json\/wp\/v2\/posts\/3414"}],"collection":[{"href":"https:\/\/go6.si\/en\/wp-json\/wp\/v2\/posts"}],"about":[{"href":"https:\/\/go6.si\/en\/wp-json\/wp\/v2\/types\/post"}],"author":[{"embeddable":true,"href":"https:\/\/go6.si\/en\/wp-json\/wp\/v2\/users\/2"}],"replies":[{"embeddable":true,"href":"https:\/\/go6.si\/en\/wp-json\/wp\/v2\/comments?post=3414"}],"version-history":[{"count":0,"href":"https:\/\/go6.si\/en\/wp-json\/wp\/v2\/posts\/3414\/revisions"}],"wp:attachment":[{"href":"https:\/\/go6.si\/en\/wp-json\/wp\/v2\/media?parent=3414"}],"wp:term":[{"taxonomy":"category","embeddable":true,"href":"https:\/\/go6.si\/en\/wp-json\/wp\/v2\/categories?post=3414"},{"taxonomy":"post_tag","embeddable":true,"href":"https:\/\/go6.si\/en\/wp-json\/wp\/v2\/tags?post=3414"}],"curies":[{"name":"wp","href":"https:\/\/api.w.org\/{rel}","templated":true}]}}