{"id":3858,"date":"2011-01-01T16:46:29","date_gmt":"2011-01-01T15:46:29","guid":{"rendered":"http:\/\/go6.si\/?p=3858"},"modified":"2011-01-01T17:09:24","modified_gmt":"2011-01-01T16:09:24","slug":"zakljuno-poroilo-tudije-ipv6-curricula","status":"publish","type":"post","link":"https:\/\/go6.si\/en\/2011\/01\/zakljuno-poroilo-tudije-ipv6-curricula\/","title":{"rendered":"(Slovensko) Zaklju\u010dno poro\u010dilo \u0161tudije &#8220;IPv6 curricula&#8221;"},"content":{"rendered":"<p class=\"qtranxs-available-languages-message qtranxs-available-languages-message-en\">Sorry, this entry is only available in <a href=\"https:\/\/go6.si\/SI\/wp-json\/wp\/v2\/posts\/3858\" class=\"qtranxs-available-language-link qtranxs-available-language-link-SI\" title=\"Slovensko\">Slovensko<\/a>.<\/p>","protected":false},"excerpt":{"rendered":"<p>Sorry, this entry is only available in Slovensko.<\/p>\n","protected":false},"author":3,"featured_media":0,"comment_status":"open","ping_status":"open","sticky":false,"template":"","format":"standard","meta":{"ngg_post_thumbnail":0,"jetpack_post_was_ever_published":false,"_jetpack_newsletter_access":"","_jetpack_newsletter_tier_id":0,"jetpack_publicize_message":"","jetpack_is_tweetstorm":false,"jetpack_publicize_feature_enabled":true,"jetpack_social_post_already_shared":false,"jetpack_social_options":{"image_generator_settings":{"template":"highway","enabled":false}}},"categories":[2028],"tags":[1515,2053,2439,21,759,813,2440],"jetpack_publicize_connections":[],"jetpack_featured_media_url":"","jetpack_sharing_enabled":true,"jetpack_shortlink":"https:\/\/wp.me\/ptA56-10e","jetpack-related-posts":[{"id":3973,"url":"https:\/\/go6.si\/en\/2011\/01\/apek-porocilo-o-stanju\/","url_meta":{"origin":3858,"position":0},"title":"(Slovensko) APEK objavil poro\u010dilo o uvajanju IPv6 v Sloveniji&#8230;","author":"JanZorz","date":"Saturday January 29th, 2011","format":false,"excerpt":"Agencija za Po\u0161to in Elektronske Komunikacije (Apek) je objavila dalj\u0161i \u010dlanek, kjer so zbrane misli in podatki o stanju ozave\u0161\u010denosti in uvajanja IPv6 v slovenska omre\u017eja in servise. Vse pohvale Urbanu Kuncu (Apek) - avtorju dokumenta, za izborno in iz\u010drpno napisano poro\u010dilo... V poro\u010dilu se beseda in misel dotakne raznih\u2026","rel":"","context":"In &quot;IPv6 uvajanje&quot;","block_context":{"text":"IPv6 uvajanje","link":"https:\/\/go6.si\/en\/category\/ipv6-uvajanje\/"},"img":{"alt_text":"","src":"","width":0,"height":0},"classes":[]},{"id":262,"url":"https:\/\/go6.si\/en\/2009\/04\/eu-in-ipv6\/","url_meta":{"origin":3858,"position":1},"title":"(Slovensko) EU in IPv6","author":"JanZorz","date":"Saturday April  4th, 2009","format":false,"excerpt":"23. marca je bil IPv6 meeting na sede\u017eu evropske komisije, katerega se Slovenija (vsaj kolikor jaz vem) ni udele\u017eila. Vseeno sem \u0161el in bolj natan\u010dno prebral, kaj EU meni o vsem skupaj... Iz starej\u0161ih zapisov ugotovim, da so zapravili\/investirali \u017ee 90 miljonov EUR za razvoj IPv6... Poro\u010dilo\/press release Iz istega\u2026","rel":"","context":"In &quot;Inet politika&quot;","block_context":{"text":"Inet politika","link":"https:\/\/go6.si\/en\/category\/inet-politika\/"},"img":{"alt_text":"ipv6-survey-capture","src":"https:\/\/i0.wp.com\/ipv6.go6.si\/wp-content\/uploads\/2009\/04\/ipv6-survey-capture1.jpg?resize=350%2C200","width":350,"height":200},"classes":[]},{"id":3886,"url":"https:\/\/go6.si\/en\/2011\/01\/prizadevanja-mvzt-za-ipv6-opaena-tudi-na-ipv6actnoworg\/","url_meta":{"origin":3858,"position":2},"title":"(Slovensko) Prizadevanja MVZT na IPv6 podro\u010dju opa\u017eena tudi na IPv6ActNow.org","author":"JanZorz","date":"Wednesday January 12th, 2011","format":false,"excerpt":"Kot smo \u017ee zapisali, je predstavnik Ministrstva za visoko \u0161olstvo, znanost in tehnologijo na tiskovni konferenci decembra poudaril njihova dosedanja prizadevanja na podro\u010dju uvajanja IPv6 in napovedal drasti\u010dno pove\u010devanje IPv6 aktivnosti v letu 2011. To ni ostalo \u00a0neopa\u017eeno urednikom portala IPv6ActNow... Takoj ko je bilo poro\u010dilo iz tiskovne konference prevedeno\u2026","rel":"","context":"In &quot;IPv6 cooperation&quot;","block_context":{"text":"IPv6 cooperation","link":"https:\/\/go6.si\/en\/category\/ipv6-cooperation\/"},"img":{"alt_text":"","src":"","width":0,"height":0},"classes":[]},{"id":3851,"url":"https:\/\/go6.si\/en\/2010\/12\/mvzt-ipv6-2011-prioriteta\/","url_meta":{"origin":3858,"position":3},"title":"(Slovensko) Ministrstvo za visoko \u0161olstvo, znanost in tehnologijo uvrstilo uvedbo IPv6 med prioritete za leto 2011","author":"JanZorz","date":"Thursday December 23rd, 2010","format":false,"excerpt":"22.12.2010 je Ministrstvo za visoko \u0161olstvo, znanost in tehnologijo (MVZT) imelo novinarsko konferenco, na kateri je predstavilo dosedanje delo in prioritete v letu 2011. Omenili so dobro sodelovanje in podpiranje uvedbe IPv6 v Sloveniji in \u0161ir\u0161e, dobro sodelovanje z Zavodom Go6, predvsem pa so uvedbo IPv6 dali med prioritete za\u2026","rel":"","context":"In &quot;IPv6 cooperation&quot;","block_context":{"text":"IPv6 cooperation","link":"https:\/\/go6.si\/en\/category\/ipv6-cooperation\/"},"img":{"alt_text":"","src":"","width":0,"height":0},"classes":[]},{"id":1974,"url":"https:\/\/go6.si\/en\/2009\/11\/clanekporocilo-o-infosek2009-na-monitor-web-portalu\/","url_meta":{"origin":3858,"position":4},"title":"(Slovensko) \u010clanek\/poro\u010dilo o INFOSEK2009 na Monitor web portalu&#8230;","author":"JanZorz","date":"Friday November 27th, 2009","format":false,"excerpt":"Monitor je zapisal poro\u010dilo iz INFOSEK2009 konference, kjer je bil prisoten tudi go6 z mojim predavanjem o nevarnostih \"skritega\" IPv6 prometa v poslovnih omre\u017ejih, skratka o tunelih in njihovih pasteh... Novinar Monitorja je z mano naredil tudi dalj\u0161i intervju, vpra\u0161anja so bila zelo zanimiva in z veseljem sem nanje odgovarjal.\u2026","rel":"","context":"In &quot;\u010clanki&quot;","block_context":{"text":"\u010clanki","link":"https:\/\/go6.si\/en\/category\/clanki\/"},"img":{"alt_text":"","src":"","width":0,"height":0},"classes":[]},{"id":5489,"url":"https:\/\/go6.si\/en\/2012\/06\/si662012-svetovna-izstrelitev-ipv6\/","url_meta":{"origin":3858,"position":5},"title":"(Slovensko) 6.6.2012 &#8211; Svetovna &#8220;izstrelitev&#8221; IPV6 in 2. sre\u010danje Go6 platforme","author":"JanZorz","date":"Thursday June  7th, 2012","format":false,"excerpt":"V\u010deraj je bil \"World IPv6 Launch\" in zgodilo se ni ni\u010d dramati\u010dnega. Google, Facebook, Yahoo! in ostali veliki so omogo\u010dili dostop do svojih produkcijskih vsebin tudi preko IPv6. Testni polet je bil skoraj eno leto nazaj (8.6.2011), ko so IPv6 omogo\u010dili za en dan, videli kje imajo probleme in se\u2026","rel":"","context":"In &quot;go6.si \u010dlani&quot;","block_context":{"text":"go6.si \u010dlani","link":"https:\/\/go6.si\/en\/category\/go6si-clani\/"},"img":{"alt_text":"","src":"","width":0,"height":0},"classes":[]}],"_links":{"self":[{"href":"https:\/\/go6.si\/en\/wp-json\/wp\/v2\/posts\/3858"}],"collection":[{"href":"https:\/\/go6.si\/en\/wp-json\/wp\/v2\/posts"}],"about":[{"href":"https:\/\/go6.si\/en\/wp-json\/wp\/v2\/types\/post"}],"author":[{"embeddable":true,"href":"https:\/\/go6.si\/en\/wp-json\/wp\/v2\/users\/3"}],"replies":[{"embeddable":true,"href":"https:\/\/go6.si\/en\/wp-json\/wp\/v2\/comments?post=3858"}],"version-history":[{"count":0,"href":"https:\/\/go6.si\/en\/wp-json\/wp\/v2\/posts\/3858\/revisions"}],"wp:attachment":[{"href":"https:\/\/go6.si\/en\/wp-json\/wp\/v2\/media?parent=3858"}],"wp:term":[{"taxonomy":"category","embeddable":true,"href":"https:\/\/go6.si\/en\/wp-json\/wp\/v2\/categories?post=3858"},{"taxonomy":"post_tag","embeddable":true,"href":"https:\/\/go6.si\/en\/wp-json\/wp\/v2\/tags?post=3858"}],"curies":[{"name":"wp","href":"https:\/\/api.w.org\/{rel}","templated":true}]}}