{"id":5187,"date":"2012-01-26T14:33:07","date_gmt":"2012-01-26T13:33:07","guid":{"rendered":"http:\/\/go6.si\/?p=5187"},"modified":"2012-01-26T15:58:22","modified_gmt":"2012-01-26T14:58:22","slug":"lancom-ipv6-event-uspesen","status":"publish","type":"post","link":"https:\/\/go6.si\/en\/2012\/01\/lancom-ipv6-event-uspesen\/","title":{"rendered":"Lancom IPv6 event succesfull"},"content":{"rendered":"<p class=\"qtranxs-available-languages-message qtranxs-available-languages-message-en\">Sorry, this entry is only available in <a href=\"https:\/\/go6.si\/SI\/wp-json\/wp\/v2\/posts\/5187\" class=\"qtranxs-available-language-link qtranxs-available-language-link-SI\" title=\"Slovensko\">Slovensko<\/a>.<\/p>","protected":false},"excerpt":{"rendered":"<p>Sorry, this entry is only available in Slovensko.<\/p>\n","protected":false},"author":2,"featured_media":0,"comment_status":"open","ping_status":"open","sticky":false,"template":"","format":"standard","meta":{"ngg_post_thumbnail":0,"jetpack_post_was_ever_published":false,"_jetpack_newsletter_access":"","_jetpack_newsletter_tier_id":0,"jetpack_publicize_message":"","jetpack_is_tweetstorm":false,"jetpack_publicize_feature_enabled":true,"jetpack_social_post_already_shared":false,"jetpack_social_options":{"image_generator_settings":{"template":"highway","enabled":false}}},"categories":[5],"tags":[],"jetpack_publicize_connections":[],"jetpack_featured_media_url":"","jetpack_sharing_enabled":true,"jetpack_shortlink":"https:\/\/wp.me\/ptA56-1lF","jetpack-related-posts":[{"id":4701,"url":"https:\/\/go6.si\/en\/2011\/09\/dvig-ipv6-ozaveenosti-na-severovzhodu-slovenije\/","url_meta":{"origin":5187,"position":0},"title":"(Slovensko) Dvig IPv6 ozave\u0161\u010denosti na severovzhodu Slovenije&#8230;","author":"JanZorz","date":"Wednesday September 28th, 2011","format":false,"excerpt":"Lancom je sistemski integrator, ki ve\u010dinoma skrbi za stranke na \u0160tajerskem koncu, zato smo bili veseli povabila na njihov letni dogodek in sre\u010danje njihovih partnerjev, kjer smo prvi dan skupaj s Sanderjem Steffanom (RIPE Address Policy WG co-chair) prenesli IPv6 sporo\u010dilo v nabito polno dvorano, drugi dan pa se nama\u2026","rel":"","context":"In &quot;IPv6 events&quot;","block_context":{"text":"IPv6 events","link":"https:\/\/go6.si\/en\/category\/ipv6-events\/"},"img":{"alt_text":"","src":"","width":0,"height":0},"classes":[]},{"id":5136,"url":"https:\/\/go6.si\/en\/2012\/01\/silancom-organizira-ipv6-dogodek-mariboruenlancom-organize-ipv6-event-maribor\/","url_meta":{"origin":5187,"position":1},"title":"Lancom to organize IPv6 event in Maribor","author":"JanZorz","date":"Sunday January 15th, 2012","format":false,"excerpt":"Podjetje Lancom, sistemski integrator iz Maribora je IPv6 vsebine \u017ee uvrstil na svoj tradicionalni letni strokovni posvet na Rogli, kamor so povabili vse svoje poslovne partnerje. IPv6 tematiko so uvrstili kar kot \"keynote\" govor dogodka, za izvedbo pa sva poskrbela Sander Steffann in jaz (Jan \u017dor\u017e), soavtorja RIPE-501. Tokrat so\u2026","rel":"","context":"In &quot;IPv6 events&quot;","block_context":{"text":"IPv6 events","link":"https:\/\/go6.si\/en\/category\/ipv6-events\/"},"img":{"alt_text":"","src":"","width":0,"height":0},"classes":[]},{"id":4677,"url":"https:\/\/go6.si\/en\/2011\/09\/lancom-letni-dogodek-za-partnerje-bo-ipv6-obarvan\/","url_meta":{"origin":5187,"position":2},"title":"(Slovensko) Lancom &#8211; letni dogodek za partnerje bo IPv6 obarvan&#8230;","author":"JanZorz","date":"Wednesday September 21st, 2011","format":false,"excerpt":"Lancom dogodek je \u017ee tradicionalno vsakoletno sre\u010danje njihovih poslovnih partnerjev, \u017ee leta se dogaja na Rogli. Letos bo IPv6 obarvano, pri glavnem govoru se nam bo pridru\u017eil Sander Steffann... Glavni del programa se bo odvijal 27.10, ko za\u010dnemo z IPv6 \"keynote\" govorom, naslednji dan bomo pa s Sanderjem in Davorjem\u2026","rel":"","context":"In &quot;IPv6 events&quot;","block_context":{"text":"IPv6 events","link":"https:\/\/go6.si\/en\/category\/ipv6-events\/"},"img":{"alt_text":"","src":"","width":0,"height":0},"classes":[]},{"id":4945,"url":"https:\/\/go6.si\/en\/2011\/11\/go6-braziliji-ipv6-forum-sao-paulo\/","url_meta":{"origin":5187,"position":3},"title":"(Slovensko) Go6 v Braziliji: IPv6 Forum, Sao Paulo","author":"JanZorz","date":"Tuesday November 29th, 2011","format":false,"excerpt":"Prispeli smo v Sao Paulo, kjer vlada prava poletna vro\u010dina. Danes in jutri je na sporedu 5. PTT Forum (peering forum), v \u010detrtek bo pa na vrsti IPv6 dogodek, na katerem bomo predstavili Go6 platformo in na\u0161e skupne uspehe na IPv6 v Sloveniji... Dana\u0161nji PTT Forum je odprl Demi Getsch,\u2026","rel":"","context":"In &quot;IPv6 events&quot;","block_context":{"text":"IPv6 events","link":"https:\/\/go6.si\/en\/category\/ipv6-events\/"},"img":{"alt_text":"","src":"","width":0,"height":0},"classes":[]},{"id":5523,"url":"https:\/\/go6.si\/en\/2012\/06\/internet-society-isoc-postal-platinum-sponzor-7-slo-ipv6-summita\/","url_meta":{"origin":5187,"position":4},"title":"(Slovensko) Internet Society (ISOC) je postal platinum sponzor 7. Slo IPv6 summita.","author":"JanZorz","date":"Thursday June 14th, 2012","format":false,"excerpt":"Internet Society (ISOC) je postal platinum sponzor 7. Slo IPv6 summita, ki bo potekal 18. in 19. oktobra 2012 na Brdu pri Ljubljani (kakor vsi do sedaj). Dogodek bo tokrat dvodnevni, zdru\u017eili bomo Slo summit, ISOC ION konferenco in L2 \"IPv6\" security delavnico... Kot smo \u017ee napovedali, glavni govorec bo\u2026","rel":"","context":"In &quot;Slo IPv6 summit&quot;","block_context":{"text":"Slo IPv6 summit","link":"https:\/\/go6.si\/en\/category\/slo-ipv6-summit-2\/"},"img":{"alt_text":"","src":"","width":0,"height":0},"classes":[]},{"id":4682,"url":"https:\/\/go6.si\/en\/2011\/09\/druenje-lanov-go6-uspeno-izvedeno\/","url_meta":{"origin":5187,"position":5},"title":"(Slovensko) Dru\u017eenje \u010dlanov Go6 uspe\u0161no izvedeno&#8230;","author":"JanZorz","date":"Saturday September 24th, 2011","format":false,"excerpt":"V \u010detrtek smo se dobili nekateri \u010dlani Go6 platforme na spro\u0161\u010denem dru\u017eenju in pikniku na vzno\u017eju kamni\u0161kih gora. Dogodek je bil \"invite-only\" narave za \u010dlane Go6 in je bil za prvi tak\u0161en dogodek ozna\u010den kot uspe\u0161en... Dopoldne smo dogodek odprli s poro\u010dilom dela Zavoda Go6, ki se je zaradi koli\u010dine\u2026","rel":"","context":"In &quot;go6.si \u010dlani&quot;","block_context":{"text":"go6.si \u010dlani","link":"https:\/\/go6.si\/en\/category\/go6si-clani\/"},"img":{"alt_text":"","src":"","width":0,"height":0},"classes":[]}],"_links":{"self":[{"href":"https:\/\/go6.si\/en\/wp-json\/wp\/v2\/posts\/5187"}],"collection":[{"href":"https:\/\/go6.si\/en\/wp-json\/wp\/v2\/posts"}],"about":[{"href":"https:\/\/go6.si\/en\/wp-json\/wp\/v2\/types\/post"}],"author":[{"embeddable":true,"href":"https:\/\/go6.si\/en\/wp-json\/wp\/v2\/users\/2"}],"replies":[{"embeddable":true,"href":"https:\/\/go6.si\/en\/wp-json\/wp\/v2\/comments?post=5187"}],"version-history":[{"count":0,"href":"https:\/\/go6.si\/en\/wp-json\/wp\/v2\/posts\/5187\/revisions"}],"wp:attachment":[{"href":"https:\/\/go6.si\/en\/wp-json\/wp\/v2\/media?parent=5187"}],"wp:term":[{"taxonomy":"category","embeddable":true,"href":"https:\/\/go6.si\/en\/wp-json\/wp\/v2\/categories?post=5187"},{"taxonomy":"post_tag","embeddable":true,"href":"https:\/\/go6.si\/en\/wp-json\/wp\/v2\/tags?post=5187"}],"curies":[{"name":"wp","href":"https:\/\/api.w.org\/{rel}","templated":true}]}}