{"id":5212,"date":"2012-02-03T13:30:36","date_gmt":"2012-02-03T12:30:36","guid":{"rendered":"http:\/\/go6.si\/?p=5212"},"modified":"2012-02-03T13:30:36","modified_gmt":"2012-02-03T12:30:36","slug":"siworld-ipv6-congress-parizu-se-zane-torek","status":"publish","type":"post","link":"https:\/\/go6.si\/en\/2012\/02\/siworld-ipv6-congress-parizu-se-zane-torek\/","title":{"rendered":"(Slovensko) World IPv6 Congress v Parizu se za\u010dne v torek"},"content":{"rendered":"<p class=\"qtranxs-available-languages-message qtranxs-available-languages-message-en\">Sorry, this entry is only available in <a href=\"https:\/\/go6.si\/SI\/wp-json\/wp\/v2\/posts\/5212\" class=\"qtranxs-available-language-link qtranxs-available-language-link-SI\" title=\"Slovensko\">Slovensko<\/a>.<\/p>","protected":false},"excerpt":{"rendered":"<p>Sorry, this entry is only available in Slovensko.<\/p>\n","protected":false},"author":2,"featured_media":0,"comment_status":"open","ping_status":"open","sticky":false,"template":"","format":"standard","meta":{"ngg_post_thumbnail":0,"jetpack_post_was_ever_published":false,"_jetpack_newsletter_access":"","_jetpack_newsletter_tier_id":0,"jetpack_publicize_message":"","jetpack_is_tweetstorm":false,"jetpack_publicize_feature_enabled":true,"jetpack_social_post_already_shared":false,"jetpack_social_options":{"image_generator_settings":{"template":"highway","enabled":false}}},"categories":[5],"tags":[],"jetpack_publicize_connections":[],"jetpack_featured_media_url":"","jetpack_sharing_enabled":true,"jetpack_shortlink":"https:\/\/wp.me\/ptA56-1m4","jetpack-related-posts":[{"id":5010,"url":"https:\/\/go6.si\/en\/2011\/12\/2-world-ipv6-congress-parizu\/","url_meta":{"origin":5212,"position":0},"title":"(Slovensko) 2. World IPv6 Congress v Parizu","author":"JanZorz","date":"Friday December 16th, 2011","format":false,"excerpt":"Organizatorji World V6 kongresa v Parizu so nas povabili na drugo izvedbo dogodka, kjer bomo predstavili Go6 platformo in njene \u010dlane ter na\u0161e uspehe na IPv6 v Sloveniji in svetu. \u010ce smo za prvi Wv6Congress predvidevali, da bo skoraj nemogo\u010de ponoviti tako dobro predavateljsko zasedbo, so organizatorji tokrat presegli sami\u2026","rel":"","context":"In &quot;IPv6 events&quot;","block_context":{"text":"IPv6 events","link":"https:\/\/go6.si\/en\/category\/ipv6-events\/"},"img":{"alt_text":"","src":"","width":0,"height":0},"classes":[]},{"id":4572,"url":"https:\/\/go6.si\/en\/2011\/07\/go6-poletnem-reimu\/","url_meta":{"origin":5212,"position":1},"title":"(Slovensko) Go6 v poletnem re\u017eimu","author":"JanZorz","date":"Sunday July 10th, 2011","format":false,"excerpt":"Na go6.si po\u010dasi prehajamo v poletni re\u017eim, kar pomeni da do septembra ne bomo objavljali novic vsak dan, ampak eno do dve na teden. Poleti se ne dogaja kaj veliko na podro\u010dju IPv6, ve\u010dina ljudi je na dopustu in podobno bomo to povzeli tudi na Go6... Maj in junij sta\u2026","rel":"","context":"In &quot;IPv6 razno&quot;","block_context":{"text":"IPv6 razno","link":"https:\/\/go6.si\/en\/category\/ipv6-razno\/"},"img":{"alt_text":"","src":"","width":0,"height":0},"classes":[]},{"id":4150,"url":"https:\/\/go6.si\/en\/2011\/03\/poveana-intenzivnost-ipv6-konferenc-po-svetu\/","url_meta":{"origin":5212,"position":2},"title":"(Slovensko) Pove\u010dana intenzivnost IPv6 konferenc po svetu.","author":"JanZorz","date":"Wednesday March 23rd, 2011","format":false,"excerpt":"Za letos smo napovedovali veliko pove\u010danje aktivnosti na IPv6 podro\u010dju na svetovnem nivoju, a kaj tak\u0161nega si nih\u010de ni mislil. Poleg standardnih dogodkov, na katerih bomo prisotni je Go6 povabljen \u0161e na \u0161tevilne IPv6 summite na ravni dr\u017eav... Februarja smo bili na IPv6 dogodku v Parizu, kjer smo sodelovali na\u2026","rel":"","context":"In &quot;go6.si \u010dlani&quot;","block_context":{"text":"go6.si \u010dlani","link":"https:\/\/go6.si\/en\/category\/go6si-clani\/"},"img":{"alt_text":"","src":"","width":0,"height":0},"classes":[]},{"id":4003,"url":"https:\/\/go6.si\/en\/2011\/02\/world-ipv6-congress-parizu-se-je-zael\/","url_meta":{"origin":5212,"position":3},"title":"(Slovensko) World IPv6 Congress v Parizu se je za\u010del&#8230;","author":"JanZorz","date":"Tuesday February  8th, 2011","format":false,"excerpt":"Danes se je za\u010del World IPv6 Congress v Parizu. Program je napolnjen z eminentnimi govorci iz vsega sveta, konferenca pa traja 4 dni - 1 dan je \"tutorial\", naslednje 3 dni bo pa konferenca. Go6 nastopa na okrogli mizi Evropske Komisije na tematiko \"Emergency response\", predstavili bomo svoje delo in\u2026","rel":"","context":"In &quot;IPv6 events&quot;","block_context":{"text":"IPv6 events","link":"https:\/\/go6.si\/en\/category\/ipv6-events\/"},"img":{"alt_text":"","src":"","width":0,"height":0},"classes":[]},{"id":3453,"url":"https:\/\/go6.si\/en\/2010\/09\/v6-world-congress-2011-parizu\/","url_meta":{"origin":5212,"position":4},"title":"(Slovensko) v6 World Congress 2011 v Parizu","author":"JanZorz","date":"Monday September 27th, 2010","format":false,"excerpt":"Od 8. do 11. februarja 2011 se bo v Parizu zgodil najbr\u017e najve\u010dji IPv6 dogodek do sedaj. Organizatorja dogodka IPv6 Forum in Upperside Conferences predvidevata, da se bo dogodka udele\u017eilo okrog 10.000 ljudi... Agenda dogodka nam razkrije, da bo to res vrhunska prireditev, kjer bodo svoje znanje in izku\u0161nje z\u2026","rel":"","context":"In &quot;IPv6 cooperation&quot;","block_context":{"text":"IPv6 cooperation","link":"https:\/\/go6.si\/en\/category\/ipv6-cooperation\/"},"img":{"alt_text":"","src":"","width":0,"height":0},"classes":[]},{"id":5642,"url":"https:\/\/go6.si\/en\/2012\/06\/siworld-ipv6-summit-bruslju\/","url_meta":{"origin":5212,"position":5},"title":"(Slovensko) World IPv6 summit v Bruslju","author":"JanZorz","date":"Sunday June 24th, 2012","format":false,"excerpt":"V torek se za\u010dne World IPv6 summit v Bruslju, kamor smo spet vabljeni kot predavatelji. V ponedeljek imamo prav tako v Bruslju prvi tehni\u010dni review GEN6 projekta, tako da smo lahko obe potovanji zdru\u017eili v enega. Na IPv6 eventu v Bruslju bo spet prisotnih veliko svetovnih ekspertov na IPv6 podro\u010dju\u2026","rel":"","context":"In &quot;IPv6 events&quot;","block_context":{"text":"IPv6 events","link":"https:\/\/go6.si\/en\/category\/ipv6-events\/"},"img":{"alt_text":"","src":"","width":0,"height":0},"classes":[]}],"_links":{"self":[{"href":"https:\/\/go6.si\/en\/wp-json\/wp\/v2\/posts\/5212"}],"collection":[{"href":"https:\/\/go6.si\/en\/wp-json\/wp\/v2\/posts"}],"about":[{"href":"https:\/\/go6.si\/en\/wp-json\/wp\/v2\/types\/post"}],"author":[{"embeddable":true,"href":"https:\/\/go6.si\/en\/wp-json\/wp\/v2\/users\/2"}],"replies":[{"embeddable":true,"href":"https:\/\/go6.si\/en\/wp-json\/wp\/v2\/comments?post=5212"}],"version-history":[{"count":0,"href":"https:\/\/go6.si\/en\/wp-json\/wp\/v2\/posts\/5212\/revisions"}],"wp:attachment":[{"href":"https:\/\/go6.si\/en\/wp-json\/wp\/v2\/media?parent=5212"}],"wp:term":[{"taxonomy":"category","embeddable":true,"href":"https:\/\/go6.si\/en\/wp-json\/wp\/v2\/categories?post=5212"},{"taxonomy":"post_tag","embeddable":true,"href":"https:\/\/go6.si\/en\/wp-json\/wp\/v2\/tags?post=5212"}],"curies":[{"name":"wp","href":"https:\/\/api.w.org\/{rel}","templated":true}]}}