{"id":5216,"date":"2012-02-07T06:32:23","date_gmt":"2012-02-07T05:32:23","guid":{"rendered":"http:\/\/go6.si\/?p=5216"},"modified":"2012-02-07T06:32:23","modified_gmt":"2012-02-07T05:32:23","slug":"sigzs-vabi-na-uvodno-ipv6-predavanje","status":"publish","type":"post","link":"https:\/\/go6.si\/en\/2012\/02\/sigzs-vabi-na-uvodno-ipv6-predavanje\/","title":{"rendered":"(Slovensko) GZS vabi na uvodno IPv6 predavanje"},"content":{"rendered":"<p>&nbsp;<\/p>\n<p><!--more--><\/p>","protected":false},"excerpt":{"rendered":"<p>&nbsp;<\/p>\n","protected":false},"author":2,"featured_media":0,"comment_status":"open","ping_status":"open","sticky":false,"template":"","format":"standard","meta":{"ngg_post_thumbnail":0,"jetpack_post_was_ever_published":false,"_jetpack_newsletter_access":"","_jetpack_newsletter_tier_id":0,"jetpack_publicize_message":"","jetpack_is_tweetstorm":false,"jetpack_publicize_feature_enabled":true,"jetpack_social_post_already_shared":false,"jetpack_social_options":{"image_generator_settings":{"template":"highway","enabled":false}}},"categories":[5],"tags":[],"jetpack_publicize_connections":[],"jetpack_featured_media_url":"","jetpack_sharing_enabled":true,"jetpack_shortlink":"https:\/\/wp.me\/ptA56-1m8","jetpack-related-posts":[{"id":5118,"url":"https:\/\/go6.si\/en\/2012\/01\/pospesevanje-ipv6-v-poslovna-okolj\/","url_meta":{"origin":5216,"position":0},"title":"(Slovensko) Pospe\u0161evanje uvajanja IPv6 v poslovna okolja in velika pojetja&#8230;","author":"JanZorz","date":"Monday January  9th, 2012","format":false,"excerpt":"Ko smo se na rednem sestanku \u00a0Go6 strokovnega sveta odlo\u010dili, da bo naslednji, novemberski 7. Slo IPv6 summit posve\u010den dvigovanju ozave\u0161\u010denosti o pomembnosti IPv6 in \u00a0pospe\u0161evanju dejanskega uvajanja ter implementacij v poslovnih, \"enterprise\" okoljih, smo si zastavili nov izziv - in to ne majhen. Po hitrem razmisleku smo ugotovili, da\u2026","rel":"","context":"In &quot;IPv6 events&quot;","block_context":{"text":"IPv6 events","link":"https:\/\/go6.si\/en\/category\/ipv6-events\/"},"img":{"alt_text":"","src":"","width":0,"height":0},"classes":[]},{"id":493,"url":"https:\/\/go6.si\/en\/2009\/05\/pan-event-na-gzs\/","url_meta":{"origin":5216,"position":1},"title":"(Slovensko) PAN event na GZS","author":"JanZorz","date":"Thursday May 14th, 2009","format":false,"excerpt":"Palsit je odpovedal dana\u0161njo konferenco \"Varnostna praksa\", kjer bi moral predavati o varnosti na IPv6, zato je CHS konferenco nadomestil s svojim eventom o Palo alto Networks firewallih, saj so \u017ee imeli keynote speakerja iz tega podjetja, ki naj bi predaval na Palsitovi konferenci. Jaz naj bi tudi na nadomestni\u2026","rel":"","context":"In &quot;IPv6 predavanja&quot;","block_context":{"text":"IPv6 predavanja","link":"https:\/\/go6.si\/en\/category\/ipv6-predavanja\/"},"img":{"alt_text":"","src":"","width":0,"height":0},"classes":[]},{"id":2357,"url":"https:\/\/go6.si\/en\/2010\/01\/ipv6-predavanje-v-openlabu-v-kranju\/","url_meta":{"origin":5216,"position":2},"title":"(Slovensko) IPv6 predavanje v OpenLabu v Kranju","author":"JanZorz","date":"Sunday January 31st, 2010","format":false,"excerpt":"4.2.2010 bom v OpenLabu imel ponovitev \"awareness\" predavanja o IPv6 z naslovom \"Skoraj\u0161nja iz\u010drpanost IPv4 naslovnega prostora; sociolo\u0161ki, politi\u010dni, tr\u017eni ali tehnolo\u0161ki problem?\"... Vstop je baje prost, zato vabljeni vsi, ki tega predavanja \u0161e niste sli\u0161ali in bi radi kak\u0161no uro ali dve pre\u017eiveli v poslu\u0161anju kaj vse nas \u010daka.\u2026","rel":"","context":"In &quot;IPv6 predavanja&quot;","block_context":{"text":"IPv6 predavanja","link":"https:\/\/go6.si\/en\/category\/ipv6-predavanja\/"},"img":{"alt_text":"","src":"","width":0,"height":0},"classes":[]},{"id":5266,"url":"https:\/\/go6.si\/en\/2012\/02\/siipv6-world-congress-bruslju-konec-junija\/","url_meta":{"origin":5216,"position":3},"title":"(Slovensko) IPv6 World Congress v Bruslju konec Junija","author":"JanZorz","date":"Sunday February 26th, 2012","format":false,"excerpt":"Lani je World IPv6 Congress konferenca v organizaciji podjetja Informa potekala v Londonu, kjer se je zbrala dobra predavateljska zasedba in dogodek je bil dobro obiskan, predvsem so bili udele\u017eenci predstavniki operaterjev in velikih \"enterprise\" podjetij. Letos bo ta konferenca potekala konec Junija v Bruslju in podobno kot lani je\u2026","rel":"","context":"In &quot;IPv6 events&quot;","block_context":{"text":"IPv6 events","link":"https:\/\/go6.si\/en\/category\/ipv6-events\/"},"img":{"alt_text":"","src":"","width":0,"height":0},"classes":[]},{"id":30,"url":"https:\/\/go6.si\/en\/2008\/11\/ipv6-predavanje-na-infosek-u\/","url_meta":{"origin":5216,"position":4},"title":"(Slovensko) IPv6 predavanje na INFOSEK-u","author":"JanZorz","date":"Saturday November 15th, 2008","format":false,"excerpt":"V\u010deraj sem na INFOSEKu v Novi Gorici odbrzel skozi svoje predavanje o IPv6, predvidenih problemih pri tranziciji ter zakaj nam bo zmanjkalo IPv4 naslovov. Opazil sem, da se je pojavila v dvorani zgro\u017eenost in mnenje se je za\u010delo spreminjati iz \"to se meni ne more zgoditi in me ne zanima\"\u2026","rel":"","context":"In &quot;IPv6 events&quot;","block_context":{"text":"IPv6 events","link":"https:\/\/go6.si\/en\/category\/ipv6-events\/"},"img":{"alt_text":"","src":"","width":0,"height":0},"classes":[]},{"id":9,"url":"https:\/\/go6.si\/en\/2008\/10\/infosek-2008-prvo-predavanje-o-ipv6\/","url_meta":{"origin":5216,"position":5},"title":"(Slovensko) Infosek 2008 &#8211; prvo predavanje o IPv6","author":"JanZorz","date":"Wednesday October  1st, 2008","format":false,"excerpt":"Spet se nekaj dogaja. Ravno sem kon\u010dal s pisanjem \u010dlanka za revijo Varnostni forum, ki naj bi bil uvod in hkrati vabilo na predavanje o IPv6 na konferenci Infosek 2008, ki bo v Novi Gorici. Naslov predavanja bo \"IPv6 ali Skoraj\u0161nja iz\u010drpanost IPv4 naslovnega prostora; sociolo\u0161ki, politi\u010dni, tr\u017eni ali tehnolo\u0161ki\u2026","rel":"","context":"In &quot;IPv6 politika&quot;","block_context":{"text":"IPv6 politika","link":"https:\/\/go6.si\/en\/category\/ipv6-politika\/"},"img":{"alt_text":"","src":"","width":0,"height":0},"classes":[]}],"_links":{"self":[{"href":"https:\/\/go6.si\/en\/wp-json\/wp\/v2\/posts\/5216"}],"collection":[{"href":"https:\/\/go6.si\/en\/wp-json\/wp\/v2\/posts"}],"about":[{"href":"https:\/\/go6.si\/en\/wp-json\/wp\/v2\/types\/post"}],"author":[{"embeddable":true,"href":"https:\/\/go6.si\/en\/wp-json\/wp\/v2\/users\/2"}],"replies":[{"embeddable":true,"href":"https:\/\/go6.si\/en\/wp-json\/wp\/v2\/comments?post=5216"}],"version-history":[{"count":0,"href":"https:\/\/go6.si\/en\/wp-json\/wp\/v2\/posts\/5216\/revisions"}],"wp:attachment":[{"href":"https:\/\/go6.si\/en\/wp-json\/wp\/v2\/media?parent=5216"}],"wp:term":[{"taxonomy":"category","embeddable":true,"href":"https:\/\/go6.si\/en\/wp-json\/wp\/v2\/categories?post=5216"},{"taxonomy":"post_tag","embeddable":true,"href":"https:\/\/go6.si\/en\/wp-json\/wp\/v2\/tags?post=5216"}],"curies":[{"name":"wp","href":"https:\/\/api.w.org\/{rel}","templated":true}]}}