{"id":5222,"date":"2012-02-10T15:47:53","date_gmt":"2012-02-10T14:47:53","guid":{"rendered":"http:\/\/go6.si\/?p=5222"},"modified":"2012-02-10T15:47:53","modified_gmt":"2012-02-10T14:47:53","slug":"siworld-ipv6-congress-pariz-2012","status":"publish","type":"post","link":"https:\/\/go6.si\/en\/2012\/02\/siworld-ipv6-congress-pariz-2012\/","title":{"rendered":"(Slovensko) World IPv6 Congress, Pariz 2012"},"content":{"rendered":"<p><\/p>\n<p><!--more--><\/p>","protected":false},"excerpt":{"rendered":"","protected":false},"author":2,"featured_media":0,"comment_status":"open","ping_status":"open","sticky":false,"template":"","format":"standard","meta":{"ngg_post_thumbnail":0,"jetpack_post_was_ever_published":false,"_jetpack_newsletter_access":"","_jetpack_newsletter_tier_id":0,"jetpack_publicize_message":"","jetpack_is_tweetstorm":false,"jetpack_publicize_feature_enabled":true,"jetpack_social_post_already_shared":false,"jetpack_social_options":{"image_generator_settings":{"template":"highway","enabled":false}}},"categories":[5],"tags":[],"jetpack_publicize_connections":[],"jetpack_featured_media_url":"","jetpack_sharing_enabled":true,"jetpack_shortlink":"https:\/\/wp.me\/ptA56-1me","jetpack-related-posts":[{"id":2286,"url":"https:\/\/go6.si\/en\/2010\/01\/znanje-o-ipv6-pri-nas\/","url_meta":{"origin":5222,"position":0},"title":"(Slovensko) Znanje o IPv6 pri nas&#8230;","author":"JanZorz","date":"Sunday January 10th, 2010","format":false,"excerpt":"Vlada ZDA je konec prej\u0161njega leta z dekretom definirala, kaj mora biti zahtevano v njenih javnih razpisih za ITK opremo. Vse kar komunicira preko IP protokola *MORA* delati tudi na IPv6, poleg tega pa zahteva od dobaviteljev tudi ustrezno certificiran kader, tako za in\u0161talacijo opreme in integracijo v sistem, kot\u2026","rel":"","context":"In &quot;IPv6 izku\u0161nje pri uvajanju&quot;","block_context":{"text":"IPv6 izku\u0161nje pri uvajanju","link":"https:\/\/go6.si\/en\/category\/ipv6-izkusnje-pri-uvajanju\/"},"img":{"alt_text":"","src":"","width":0,"height":0},"classes":[]},{"id":5067,"url":"https:\/\/go6.si\/en\/2011\/12\/sileto-2012-bo-leto-uvedbe-ipv6-vsaj-tako-napovedujejo\/","url_meta":{"origin":5222,"position":1},"title":"(Slovensko) Leto 2012 bo leto uvedbe IPv6 &#8211; vsaj tako napovedujejo&#8230;","author":"JanZorz","date":"Thursday December 29th, 2011","format":false,"excerpt":"V leto\u0161njem letu je IPv6 pri\u0161el na ve\u010d naslovnic in naslovov v velikih medijih kot v vseh letih njegovega obstoja skupaj. Predvsem gre tu zasluga iz\u010drpanju IPv4 naslovenga prostora na nivoju IANA ter World IPv6 day, ki se je zgodil sredi leta. Kaj naj bi se dogajalo naslednje leto? Uvedba\u2026","rel":"","context":"In &quot;IPv6 content&quot;","block_context":{"text":"IPv6 content","link":"https:\/\/go6.si\/en\/category\/ipv6-content\/"},"img":{"alt_text":"","src":"","width":0,"height":0},"classes":[]},{"id":3254,"url":"https:\/\/go6.si\/en\/2010\/08\/4-slo-ipv6-summit-zacenjamo-z-organizacijo-dogodka\/","url_meta":{"origin":5222,"position":2},"title":"(Slovensko) 4. Slo IPv6 summit &#8211; za\u010denjamo z organizacijo dogodka","author":"JanZorz","date":"Thursday August  5th, 2010","format":false,"excerpt":"Konec novembra se bo odvijal \u017ee 4. Slo IPv6 summit, na katerega smo \u017ee povabili kar nekaj tujih gostov, ki so se vabilu z veseljem odzvali... Spored summita je \u0161e v zelo grobi in nepopolni obliki (zaenkrat v glavi), a nekaj podatkov lahko izdamo: glavni govorec (keynote) bo Patrik F\u00e4ltstr\u00f6m,\u2026","rel":"","context":"In &quot;Slo IPv6 summit&quot;","block_context":{"text":"Slo IPv6 summit","link":"https:\/\/go6.si\/en\/category\/slo-ipv6-summit-2\/"},"img":{"alt_text":"","src":"","width":0,"height":0},"classes":[]},{"id":2430,"url":"https:\/\/go6.si\/en\/2010\/02\/ripe-intervju-maria-hall-swedish-government\/","url_meta":{"origin":5222,"position":3},"title":"(Slovensko) RIPE intervju: Maria H\u00e4ll, Swedish Government","author":"JanZorz","date":"Monday February 15th, 2010","format":false,"excerpt":"Na RIPE meetingih posnamejo nekaj intervjujev z osebami, ki imajo kaj povedati o uvajanju IPv6 v EU in po svetu. Tokrat si poglejmo, kaj je povedala\u00a0Maria H\u00e4ll iz \u0161vedske vlade... Njena ugotavljanja gredo v smereh, ki so zna\u010dilna za ve\u010dino evropskih dr\u017eav in vlad; uvedba IPv6 je stvar operaterjev in\u2026","rel":"","context":"In &quot;IPv6 cooperation&quot;","block_context":{"text":"IPv6 cooperation","link":"https:\/\/go6.si\/en\/category\/ipv6-cooperation\/"},"img":{"alt_text":"","src":"","width":0,"height":0},"classes":[]},{"id":3507,"url":"https:\/\/go6.si\/en\/2010\/10\/prehod-na-ipv6-ali-smo-pripravljeni\/","url_meta":{"origin":5222,"position":4},"title":"(Slovensko) Prehod na IPv6 &#8211; ali smo pripravljeni na CPE podro\u010dju?","author":"JanZorz","date":"Saturday October  9th, 2010","format":false,"excerpt":"ZDnet je v \u010dlanku povzel prizadevanja Marca Hogewoninga (XS4ALL) za \u010dimprej\u0161njo uvedbo IPv6 v naprave za omogo\u010danje doma\u010dega dostopa do interneta, nekatri jim pravijo tudi \"ADSL modemi\" (CPE)... Marco \u017ee nekaj \u010dasa skupaj z RIPE LABs vodi statistiko in javno tabelo, katera oprema je na tem segmentu zmo\u017ena IPv6. ZDnet\u2026","rel":"","context":"In &quot;IPv6 tehnika&quot;","block_context":{"text":"IPv6 tehnika","link":"https:\/\/go6.si\/en\/category\/ipv6-tehnika\/"},"img":{"alt_text":"","src":"","width":0,"height":0},"classes":[]},{"id":2480,"url":"https:\/\/go6.si\/en\/2010\/02\/3-slo-ipv6-summit-go6\/","url_meta":{"origin":5222,"position":5},"title":"(Slovensko) 3. Slo IPv6 summit","author":"JanZorz","date":"Monday February 22nd, 2010","format":false,"excerpt":"12. in 13. maja bo v organizaciji Arnesa, LTFE in Zavoda go6 potekal \u017ee 3. Slo IPv6 summit. Ker bo manj kot mesec dni pred summitom dolo\u010dene IPv6 tematike obdelala \u017ee konferenca VITEL, pri kateri sodelujemo tudi \u010dlani strokovnega sveta zavoda go6, bo tokratni IPv6 summit iz tehni\u010dnega vidika obdelal\u2026","rel":"","context":"In &quot;go6.si \u010dlani&quot;","block_context":{"text":"go6.si \u010dlani","link":"https:\/\/go6.si\/en\/category\/go6si-clani\/"},"img":{"alt_text":"","src":"","width":0,"height":0},"classes":[]}],"_links":{"self":[{"href":"https:\/\/go6.si\/en\/wp-json\/wp\/v2\/posts\/5222"}],"collection":[{"href":"https:\/\/go6.si\/en\/wp-json\/wp\/v2\/posts"}],"about":[{"href":"https:\/\/go6.si\/en\/wp-json\/wp\/v2\/types\/post"}],"author":[{"embeddable":true,"href":"https:\/\/go6.si\/en\/wp-json\/wp\/v2\/users\/2"}],"replies":[{"embeddable":true,"href":"https:\/\/go6.si\/en\/wp-json\/wp\/v2\/comments?post=5222"}],"version-history":[{"count":0,"href":"https:\/\/go6.si\/en\/wp-json\/wp\/v2\/posts\/5222\/revisions"}],"wp:attachment":[{"href":"https:\/\/go6.si\/en\/wp-json\/wp\/v2\/media?parent=5222"}],"wp:term":[{"taxonomy":"category","embeddable":true,"href":"https:\/\/go6.si\/en\/wp-json\/wp\/v2\/categories?post=5222"},{"taxonomy":"post_tag","embeddable":true,"href":"https:\/\/go6.si\/en\/wp-json\/wp\/v2\/tags?post=5222"}],"curies":[{"name":"wp","href":"https:\/\/api.w.org\/{rel}","templated":true}]}}