{"id":5266,"date":"2012-02-26T09:37:25","date_gmt":"2012-02-26T08:37:25","guid":{"rendered":"http:\/\/go6.si\/?p=5266"},"modified":"2012-02-26T09:48:19","modified_gmt":"2012-02-26T08:48:19","slug":"siipv6-world-congress-bruslju-konec-junija","status":"publish","type":"post","link":"https:\/\/go6.si\/en\/2012\/02\/siipv6-world-congress-bruslju-konec-junija\/","title":{"rendered":"(Slovensko) IPv6 World Congress v Bruslju konec Junija"},"content":{"rendered":"<p><\/p>\n<p><!--more--><\/p>","protected":false},"excerpt":{"rendered":"","protected":false},"author":2,"featured_media":0,"comment_status":"open","ping_status":"open","sticky":false,"template":"","format":"standard","meta":{"ngg_post_thumbnail":0,"jetpack_post_was_ever_published":false,"_jetpack_newsletter_access":"","_jetpack_newsletter_tier_id":0,"jetpack_publicize_message":"","jetpack_is_tweetstorm":false,"jetpack_publicize_feature_enabled":true,"jetpack_social_post_already_shared":false,"jetpack_social_options":{"image_generator_settings":{"template":"highway","enabled":false}}},"categories":[5],"tags":[],"jetpack_publicize_connections":[],"jetpack_featured_media_url":"","jetpack_sharing_enabled":true,"jetpack_shortlink":"https:\/\/wp.me\/ptA56-1mW","jetpack-related-posts":[{"id":5411,"url":"https:\/\/go6.si\/en\/2012\/05\/si2-world-ipv6-congress-informa-edition-tokrat-bruslju\/","url_meta":{"origin":5266,"position":0},"title":"(Slovensko) 2. World IPv6 Congress (Informa edition) tokrat v Bruslju","author":"JanZorz","date":"Monday May  7th, 2012","format":false,"excerpt":"26. in 27. Junija 2012 se bo v Bruslju odvijal \u017ee 2. World IP v6 summit v organizaciji podjetja Informa Telecoms and Media. Prvi tak\u0161en dogodek je bil lani v Londonu in po odzivih sode\u010d je po\u017eel veliko pohval med udele\u017eenci. Tudi tokrat smo bili povabljeni k sodelovanju in sooblikovanju\u2026","rel":"","context":"In &quot;IPv6 events&quot;","block_context":{"text":"IPv6 events","link":"https:\/\/go6.si\/en\/category\/ipv6-events\/"},"img":{"alt_text":"","src":"","width":0,"height":0},"classes":[]},{"id":2728,"url":"https:\/\/go6.si\/en\/2010\/04\/24-vitel-konferenca-prehod-na-ipv6\/","url_meta":{"origin":5266,"position":1},"title":"(Slovensko) 24. VITEL konferenca &#8211; prehod na IPv6","author":"JanZorz","date":"Sunday April 11th, 2010","format":false,"excerpt":"19. in 20. aprila bo na Brdu pri Kranju potekala 24. delavnica VITEL (http:\/\/www.ezs-zveza.si\/vitel\/24delavnica\/) o telekomunikacijah z naslovom \"Prehod na IPv6\" v organizaciji Slovenskega dru\u0161tva za elektronske komunikacije SIKOM... Prvi dan je namenjen pregledu stanja IPv6 v svetu ter predstavitvi strategij prehodov klju\u010dnih proizvajalcev opreme in operaterjev, drugi dan pa\u2026","rel":"","context":"In &quot;IPv6 cooperation&quot;","block_context":{"text":"IPv6 cooperation","link":"https:\/\/go6.si\/en\/category\/ipv6-cooperation\/"},"img":{"alt_text":"","src":"","width":0,"height":0},"classes":[]},{"id":4516,"url":"https:\/\/go6.si\/en\/2011\/06\/world-ipv6-congress-londonu-se-je-zael\/","url_meta":{"origin":5266,"position":2},"title":"(Slovensko) World IPv6 Congress v Londonu se je za\u010del&#8230;","author":"JanZorz","date":"Tuesday June 14th, 2011","format":false,"excerpt":"V Londonu se je danes za\u010del World IPv6 Congress, ki pa najbr\u017e ne bo prinesel nekih novih spoznanj za \"stare borce\" IPv6, saj ta dogodek ni temu namenjen. Skozi ta dogodek se prena\u0161a sporo\u010dilo druga\u010dni publiki, kot smo jo vajeni, ljudem v kravatah ki se odlo\u010dajo o strategijah in investicijah\u2026","rel":"","context":"In &quot;IPv6 events&quot;","block_context":{"text":"IPv6 events","link":"https:\/\/go6.si\/en\/category\/ipv6-events\/"},"img":{"alt_text":"","src":"","width":0,"height":0},"classes":[]},{"id":4150,"url":"https:\/\/go6.si\/en\/2011\/03\/poveana-intenzivnost-ipv6-konferenc-po-svetu\/","url_meta":{"origin":5266,"position":3},"title":"(Slovensko) Pove\u010dana intenzivnost IPv6 konferenc po svetu.","author":"JanZorz","date":"Wednesday March 23rd, 2011","format":false,"excerpt":"Za letos smo napovedovali veliko pove\u010danje aktivnosti na IPv6 podro\u010dju na svetovnem nivoju, a kaj tak\u0161nega si nih\u010de ni mislil. Poleg standardnih dogodkov, na katerih bomo prisotni je Go6 povabljen \u0161e na \u0161tevilne IPv6 summite na ravni dr\u017eav... Februarja smo bili na IPv6 dogodku v Parizu, kjer smo sodelovali na\u2026","rel":"","context":"In &quot;go6.si \u010dlani&quot;","block_context":{"text":"go6.si \u010dlani","link":"https:\/\/go6.si\/en\/category\/go6si-clani\/"},"img":{"alt_text":"","src":"","width":0,"height":0},"classes":[]},{"id":5642,"url":"https:\/\/go6.si\/en\/2012\/06\/siworld-ipv6-summit-bruslju\/","url_meta":{"origin":5266,"position":4},"title":"(Slovensko) World IPv6 summit v Bruslju","author":"JanZorz","date":"Sunday June 24th, 2012","format":false,"excerpt":"V torek se za\u010dne World IPv6 summit v Bruslju, kamor smo spet vabljeni kot predavatelji. V ponedeljek imamo prav tako v Bruslju prvi tehni\u010dni review GEN6 projekta, tako da smo lahko obe potovanji zdru\u017eili v enega. Na IPv6 eventu v Bruslju bo spet prisotnih veliko svetovnih ekspertov na IPv6 podro\u010dju\u2026","rel":"","context":"In &quot;IPv6 events&quot;","block_context":{"text":"IPv6 events","link":"https:\/\/go6.si\/en\/category\/ipv6-events\/"},"img":{"alt_text":"","src":"","width":0,"height":0},"classes":[]},{"id":4204,"url":"https:\/\/go6.si\/en\/2011\/04\/ipv6-world-congress-londonu\/","url_meta":{"origin":5266,"position":5},"title":"(Slovensko) IPv6 World Congress v Londonu","author":"JanZorz","date":"Wednesday April  6th, 2011","format":false,"excerpt":"14. in 15. Junija 2011 se bo v Londonu odvijal IPv6 World Congress, kjer bomo spet lahko videli veliko zvene\u010dih imen IPv6 sveta, med drugimi tudi nekaj slovenskih - poleg Go6 tudi MVZT in Mobitel. Tokratne tematike se morda deloma prekrivajo s tematikami ostalih podobnih dogodkov, a nekaj jih pa\u2026","rel":"","context":"In &quot;IPv6 events&quot;","block_context":{"text":"IPv6 events","link":"https:\/\/go6.si\/en\/category\/ipv6-events\/"},"img":{"alt_text":"","src":"","width":0,"height":0},"classes":[]}],"_links":{"self":[{"href":"https:\/\/go6.si\/en\/wp-json\/wp\/v2\/posts\/5266"}],"collection":[{"href":"https:\/\/go6.si\/en\/wp-json\/wp\/v2\/posts"}],"about":[{"href":"https:\/\/go6.si\/en\/wp-json\/wp\/v2\/types\/post"}],"author":[{"embeddable":true,"href":"https:\/\/go6.si\/en\/wp-json\/wp\/v2\/users\/2"}],"replies":[{"embeddable":true,"href":"https:\/\/go6.si\/en\/wp-json\/wp\/v2\/comments?post=5266"}],"version-history":[{"count":0,"href":"https:\/\/go6.si\/en\/wp-json\/wp\/v2\/posts\/5266\/revisions"}],"wp:attachment":[{"href":"https:\/\/go6.si\/en\/wp-json\/wp\/v2\/media?parent=5266"}],"wp:term":[{"taxonomy":"category","embeddable":true,"href":"https:\/\/go6.si\/en\/wp-json\/wp\/v2\/categories?post=5266"},{"taxonomy":"post_tag","embeddable":true,"href":"https:\/\/go6.si\/en\/wp-json\/wp\/v2\/tags?post=5266"}],"curies":[{"name":"wp","href":"https:\/\/api.w.org\/{rel}","templated":true}]}}