{"id":5438,"date":"2012-05-22T08:10:28","date_gmt":"2012-05-22T07:10:28","guid":{"rendered":"http:\/\/go6.si\/?p=5438"},"modified":"2012-05-22T08:10:28","modified_gmt":"2012-05-22T07:10:28","slug":"sifacebook-na-ipv6","status":"publish","type":"post","link":"https:\/\/go6.si\/en\/2012\/05\/sifacebook-na-ipv6\/","title":{"rendered":"(Slovensko) Facebook \u017ee na IPv6!!!"},"content":{"rendered":"<p><\/p>\n<p>\n<!--more--><\/p>\n<p><\/p>","protected":false},"excerpt":{"rendered":"","protected":false},"author":2,"featured_media":0,"comment_status":"open","ping_status":"open","sticky":false,"template":"","format":"standard","meta":{"ngg_post_thumbnail":0,"jetpack_post_was_ever_published":false,"_jetpack_newsletter_access":"","_jetpack_newsletter_tier_id":0,"jetpack_publicize_message":"","jetpack_is_tweetstorm":false,"jetpack_publicize_feature_enabled":true,"jetpack_social_post_already_shared":false,"jetpack_social_options":{"image_generator_settings":{"template":"highway","enabled":false}}},"categories":[990],"tags":[],"jetpack_publicize_connections":[],"jetpack_featured_media_url":"","jetpack_sharing_enabled":true,"jetpack_shortlink":"https:\/\/wp.me\/ptA56-1pI","jetpack-related-posts":[{"id":5466,"url":"https:\/\/go6.si\/en\/2012\/05\/sifacebook-sedaj-na-ipv6-vsemi-vsebinami\/","url_meta":{"origin":5438,"position":0},"title":"(Slovensko) Facebook sedaj na IPv6 z vsemi vsebinami.","author":"JanZorz","date":"Wednesday May 30th, 2012","format":false,"excerpt":"Nekaj dni nazaj smo poro\u010dali, da je Facebook omogo\u010dil IPv6 na naslovu www.facebook.com. FB uporablja Akamai CDN (Content Delivery Network) za slike in nekatere druge vsebine, zato je bila njihova stran na IPv6-only omre\u017eju videti precej siroma\u0161no. To se je sedaj spremenilo, saj je Akamai ponudil FB vsebine tudi preko\u2026","rel":"","context":"In &quot;IPv6 content&quot;","block_context":{"text":"IPv6 content","link":"https:\/\/go6.si\/en\/category\/ipv6-content\/"},"img":{"alt_text":"","src":"","width":0,"height":0},"classes":[]},{"id":4544,"url":"https:\/\/go6.si\/en\/2011\/06\/slovenija-zdrsnila-na-drugo-mesto-po-vynckeorg-ipv6-meritvah\/","url_meta":{"origin":5438,"position":1},"title":"(Slovensko) Slovenija zdrsnila na drugo mesto po Vyncke.org IPv6 meritvah","author":"JanZorz","date":"Tuesday June 21st, 2011","format":false,"excerpt":"Eric Vyncke, na\u0161 keynoter na naslednjem, novemberskem summitu izvaja meritve, kak\u0161en procent URL naslovov iz Alexa top-50 za posamezno dr\u017eavo je dosegljivih tudi na IPv6. Nizozemska nas je prehitela z enako procenti (20) in dvema \"pol\" naslovoma, ipv6.domena.nl... Kaj te meritve sploh merijo in prikazujejo? Iz Alexa iskalnika vzamejo za\u2026","rel":"","context":"In &quot;IPv6 uvajanje&quot;","block_context":{"text":"IPv6 uvajanje","link":"https:\/\/go6.si\/en\/category\/ipv6-uvajanje\/"},"img":{"alt_text":"","src":"","width":0,"height":0},"classes":[]},{"id":11650,"url":"https:\/\/go6.si\/en\/2016\/06\/11-slovenski-ipv6-summit-in-sinog-3-0-srecanje-razmisljanje\/","url_meta":{"origin":5438,"position":2},"title":"(Slovensko) 11. slovenski IPv6 summit in SINOG 3.0 sre\u010danje &#8211; razmi\u0161ljanje.","author":"JanZorz","date":"Sunday June 26th, 2016","format":false,"excerpt":"Sorry, this entry is only available in Slovensko.","rel":"","context":"In &quot;SINOG&quot;","block_context":{"text":"SINOG","link":"https:\/\/go6.si\/en\/category\/sinog\/"},"img":{"alt_text":"","src":"","width":0,"height":0},"classes":[]},{"id":4463,"url":"https:\/\/go6.si\/en\/2011\/06\/ipv6-dan-potekal-mirno\/","url_meta":{"origin":5438,"position":3},"title":"(Slovensko) Svetovni IPv6 dan je potekal mirno, Slovenija spet med bolj\u0161imi&#8230;","author":"JanZorz","date":"Thursday June  9th, 2011","format":false,"excerpt":"Glede na meritve in podatke nadzornega sistema je potekal IPv6 dan dokaj mirno, te\u017eave so se sproti re\u0161evale, IPv6 strokovnjaki iz celega sveta smo sodelovali in glavna komunikacija je tekla na IRC kanalu #v6providers, ki je bila seveda zaprta za generi\u010dno javnost. Slovenija je spet med bolj\u0161imi, vsaj tako pravi\u2026","rel":"","context":"In &quot;World IPv6 day - 8.6.2011&quot;","block_context":{"text":"World IPv6 day - 8.6.2011","link":"https:\/\/go6.si\/en\/category\/world-ipv6-day-8-6-2011\/"},"img":{"alt_text":"","src":"https:\/\/i0.wp.com\/go6.si\/wp-content\/uploads\/2011\/06\/screen-capture-23-300x259.png?resize=350%2C200","width":350,"height":200},"classes":[]},{"id":4150,"url":"https:\/\/go6.si\/en\/2011\/03\/poveana-intenzivnost-ipv6-konferenc-po-svetu\/","url_meta":{"origin":5438,"position":4},"title":"(Slovensko) Pove\u010dana intenzivnost IPv6 konferenc po svetu.","author":"JanZorz","date":"Wednesday March 23rd, 2011","format":false,"excerpt":"Za letos smo napovedovali veliko pove\u010danje aktivnosti na IPv6 podro\u010dju na svetovnem nivoju, a kaj tak\u0161nega si nih\u010de ni mislil. Poleg standardnih dogodkov, na katerih bomo prisotni je Go6 povabljen \u0161e na \u0161tevilne IPv6 summite na ravni dr\u017eav... Februarja smo bili na IPv6 dogodku v Parizu, kjer smo sodelovali na\u2026","rel":"","context":"In &quot;go6.si \u010dlani&quot;","block_context":{"text":"go6.si \u010dlani","link":"https:\/\/go6.si\/en\/category\/go6si-clani\/"},"img":{"alt_text":"","src":"","width":0,"height":0},"classes":[]},{"id":4071,"url":"https:\/\/go6.si\/en\/2011\/03\/t2-uvedel-ipv6-v-vecino-produkcijskih-podpornih-servisov\/","url_meta":{"origin":5438,"position":5},"title":"(Slovensko) T-2 uvedel IPv6 v ve\u010dino produkcijskih podpornih servisov","author":"JanZorz","date":"Tuesday March  1st, 2011","format":false,"excerpt":"Ponudnik internetnih storitev T-2 nam je danes sporo\u010dil, da so do svojih produkcijskih podpornih servisov omogo\u010dili dostop preko obeh protokolov - IPv4 in IPv6. Tako lahko tudi preko IPv6 dostopamo do njihovih DNS, web (tudi servisne strani) in mail (pop, imap, webmail, smtp, smtps) stre\u017enikov... Za tak\u0161nim projektom je skritega\u2026","rel":"","context":"In &quot;IPv6 izku\u0161nje pri uvajanju&quot;","block_context":{"text":"IPv6 izku\u0161nje pri uvajanju","link":"https:\/\/go6.si\/en\/category\/ipv6-izkusnje-pri-uvajanju\/"},"img":{"alt_text":"","src":"","width":0,"height":0},"classes":[]}],"_links":{"self":[{"href":"https:\/\/go6.si\/en\/wp-json\/wp\/v2\/posts\/5438"}],"collection":[{"href":"https:\/\/go6.si\/en\/wp-json\/wp\/v2\/posts"}],"about":[{"href":"https:\/\/go6.si\/en\/wp-json\/wp\/v2\/types\/post"}],"author":[{"embeddable":true,"href":"https:\/\/go6.si\/en\/wp-json\/wp\/v2\/users\/2"}],"replies":[{"embeddable":true,"href":"https:\/\/go6.si\/en\/wp-json\/wp\/v2\/comments?post=5438"}],"version-history":[{"count":0,"href":"https:\/\/go6.si\/en\/wp-json\/wp\/v2\/posts\/5438\/revisions"}],"wp:attachment":[{"href":"https:\/\/go6.si\/en\/wp-json\/wp\/v2\/media?parent=5438"}],"wp:term":[{"taxonomy":"category","embeddable":true,"href":"https:\/\/go6.si\/en\/wp-json\/wp\/v2\/categories?post=5438"},{"taxonomy":"post_tag","embeddable":true,"href":"https:\/\/go6.si\/en\/wp-json\/wp\/v2\/tags?post=5438"}],"curies":[{"name":"wp","href":"https:\/\/api.w.org\/{rel}","templated":true}]}}