{"id":5647,"date":"2012-07-03T15:14:29","date_gmt":"2012-07-03T14:14:29","guid":{"rendered":"http:\/\/go6.si\/?p=5647"},"modified":"2012-07-03T15:14:29","modified_gmt":"2012-07-03T14:14:29","slug":"situdi-romuni-prehiteli-slovenijo-pri-uvajanju-ipv6-rezidennih-uporabnikov","status":"publish","type":"post","link":"https:\/\/go6.si\/en\/2012\/07\/situdi-romuni-prehiteli-slovenijo-pri-uvajanju-ipv6-rezidennih-uporabnikov\/","title":{"rendered":"(Slovensko) Tudi Romuni prehiteli Slovenijo pri uvajanju IPv6 do reziden\u010dnih uporabnikov&#8230;"},"content":{"rendered":"<p><br \/>\n<!--more--><\/p>","protected":false},"excerpt":{"rendered":"","protected":false},"author":2,"featured_media":0,"comment_status":"open","ping_status":"open","sticky":false,"template":"","format":"standard","meta":{"ngg_post_thumbnail":0,"jetpack_post_was_ever_published":false,"_jetpack_newsletter_access":"","_jetpack_newsletter_tier_id":0,"jetpack_publicize_message":"","jetpack_is_tweetstorm":false,"jetpack_publicize_feature_enabled":true,"jetpack_social_post_already_shared":false,"jetpack_social_options":{"image_generator_settings":{"template":"highway","enabled":false}}},"categories":[990],"tags":[],"jetpack_publicize_connections":[],"jetpack_featured_media_url":"","jetpack_sharing_enabled":true,"jetpack_shortlink":"https:\/\/wp.me\/ptA56-1t5","jetpack-related-posts":[{"id":10331,"url":"https:\/\/go6.si\/en\/2014\/03\/amis-sedaj-ponuja-ipv6-dostop-rezidencnim-uporabnikom-po-celi-sloveniji\/","url_meta":{"origin":5647,"position":0},"title":"(Slovensko) Tudi Amis sedaj ponuja IPv6 dostop reziden\u010dnim uporabnikom po celi Sloveniji.","author":"JanZorz","date":"Thursday March 27th, 2014","format":false,"excerpt":"\"IPv6 preko PPPoE je sedaj na voljo po vsej Sloveniji. Zahtevke lahko po\u0161ljete na\u00a0podpora@amis.net.\" so zapisali fantje iz Amisa na njihov spletni forum, kar pomeni, da lahko za IPv6 dostop zaprosijo vsi Amis uporabniki ne glede na tehnologijo dostopa - FTTH, *DSL, ... Naslednji korak je omogo\u010danje IPv6 za vse\u2026","rel":"","context":"In &quot;IPv6 ISP&quot;","block_context":{"text":"IPv6 ISP","link":"https:\/\/go6.si\/en\/category\/ipv6-isp\/"},"img":{"alt_text":"","src":"","width":0,"height":0},"classes":[]},{"id":11650,"url":"https:\/\/go6.si\/en\/2016\/06\/11-slovenski-ipv6-summit-in-sinog-3-0-srecanje-razmisljanje\/","url_meta":{"origin":5647,"position":1},"title":"(Slovensko) 11. slovenski IPv6 summit in SINOG 3.0 sre\u010danje &#8211; razmi\u0161ljanje.","author":"JanZorz","date":"Sunday June 26th, 2016","format":false,"excerpt":"Sorry, this entry is only available in Slovensko.","rel":"","context":"In &quot;SINOG&quot;","block_context":{"text":"SINOG","link":"https:\/\/go6.si\/en\/category\/sinog\/"},"img":{"alt_text":"","src":"","width":0,"height":0},"classes":[]},{"id":4544,"url":"https:\/\/go6.si\/en\/2011\/06\/slovenija-zdrsnila-na-drugo-mesto-po-vynckeorg-ipv6-meritvah\/","url_meta":{"origin":5647,"position":2},"title":"(Slovensko) Slovenija zdrsnila na drugo mesto po Vyncke.org IPv6 meritvah","author":"JanZorz","date":"Tuesday June 21st, 2011","format":false,"excerpt":"Eric Vyncke, na\u0161 keynoter na naslednjem, novemberskem summitu izvaja meritve, kak\u0161en procent URL naslovov iz Alexa top-50 za posamezno dr\u017eavo je dosegljivih tudi na IPv6. Nizozemska nas je prehitela z enako procenti (20) in dvema \"pol\" naslovoma, ipv6.domena.nl... Kaj te meritve sploh merijo in prikazujejo? Iz Alexa iskalnika vzamejo za\u2026","rel":"","context":"In &quot;IPv6 uvajanje&quot;","block_context":{"text":"IPv6 uvajanje","link":"https:\/\/go6.si\/en\/category\/ipv6-uvajanje\/"},"img":{"alt_text":"","src":"","width":0,"height":0},"classes":[]},{"id":5067,"url":"https:\/\/go6.si\/en\/2011\/12\/sileto-2012-bo-leto-uvedbe-ipv6-vsaj-tako-napovedujejo\/","url_meta":{"origin":5647,"position":3},"title":"(Slovensko) Leto 2012 bo leto uvedbe IPv6 &#8211; vsaj tako napovedujejo&#8230;","author":"JanZorz","date":"Thursday December 29th, 2011","format":false,"excerpt":"V leto\u0161njem letu je IPv6 pri\u0161el na ve\u010d naslovnic in naslovov v velikih medijih kot v vseh letih njegovega obstoja skupaj. Predvsem gre tu zasluga iz\u010drpanju IPv4 naslovenga prostora na nivoju IANA ter World IPv6 day, ki se je zgodil sredi leta. Kaj naj bi se dogajalo naslednje leto? Uvedba\u2026","rel":"","context":"In &quot;IPv6 content&quot;","block_context":{"text":"IPv6 content","link":"https:\/\/go6.si\/en\/category\/ipv6-content\/"},"img":{"alt_text":"","src":"","width":0,"height":0},"classes":[]},{"id":3507,"url":"https:\/\/go6.si\/en\/2010\/10\/prehod-na-ipv6-ali-smo-pripravljeni\/","url_meta":{"origin":5647,"position":4},"title":"(Slovensko) Prehod na IPv6 &#8211; ali smo pripravljeni na CPE podro\u010dju?","author":"JanZorz","date":"Saturday October  9th, 2010","format":false,"excerpt":"ZDnet je v \u010dlanku povzel prizadevanja Marca Hogewoninga (XS4ALL) za \u010dimprej\u0161njo uvedbo IPv6 v naprave za omogo\u010danje doma\u010dega dostopa do interneta, nekatri jim pravijo tudi \"ADSL modemi\" (CPE)... Marco \u017ee nekaj \u010dasa skupaj z RIPE LABs vodi statistiko in javno tabelo, katera oprema je na tem segmentu zmo\u017ena IPv6. ZDnet\u2026","rel":"","context":"In &quot;IPv6 tehnika&quot;","block_context":{"text":"IPv6 tehnika","link":"https:\/\/go6.si\/en\/category\/ipv6-tehnika\/"},"img":{"alt_text":"","src":"","width":0,"height":0},"classes":[]},{"id":3928,"url":"https:\/\/go6.si\/en\/2011\/01\/ripencc-bo-opravljal-meritve-monitoring-za-svetovni-dan-ipv6\/","url_meta":{"origin":5647,"position":5},"title":"(Slovensko) RIPE-NCC bo opravljal meritve in monitoring za Svetovni dan IPv6","author":"JanZorz","date":"Friday January 21st, 2011","format":false,"excerpt":"Na v6operators listi, kjer poteka organizacija Svetovnega dneva IPv6 smo se za\u010deli pogovarjati o problematiki nadzora in meritev, kaj se bo z omre\u017ejem dogajalo. Moj predlog je bil, da se v te namene uporabi dva sistema sond, katere ima postavljene RIPE-NCC - ideja je bila v\u0161e\u010d tako organizatorjem IPv6 dneva,\u2026","rel":"","context":"In &quot;World IPv6 day - 8.6.2011&quot;","block_context":{"text":"World IPv6 day - 8.6.2011","link":"https:\/\/go6.si\/en\/category\/world-ipv6-day-8-6-2011\/"},"img":{"alt_text":"","src":"","width":0,"height":0},"classes":[]}],"_links":{"self":[{"href":"https:\/\/go6.si\/en\/wp-json\/wp\/v2\/posts\/5647"}],"collection":[{"href":"https:\/\/go6.si\/en\/wp-json\/wp\/v2\/posts"}],"about":[{"href":"https:\/\/go6.si\/en\/wp-json\/wp\/v2\/types\/post"}],"author":[{"embeddable":true,"href":"https:\/\/go6.si\/en\/wp-json\/wp\/v2\/users\/2"}],"replies":[{"embeddable":true,"href":"https:\/\/go6.si\/en\/wp-json\/wp\/v2\/comments?post=5647"}],"version-history":[{"count":0,"href":"https:\/\/go6.si\/en\/wp-json\/wp\/v2\/posts\/5647\/revisions"}],"wp:attachment":[{"href":"https:\/\/go6.si\/en\/wp-json\/wp\/v2\/media?parent=5647"}],"wp:term":[{"taxonomy":"category","embeddable":true,"href":"https:\/\/go6.si\/en\/wp-json\/wp\/v2\/categories?post=5647"},{"taxonomy":"post_tag","embeddable":true,"href":"https:\/\/go6.si\/en\/wp-json\/wp\/v2\/tags?post=5647"}],"curies":[{"name":"wp","href":"https:\/\/api.w.org\/{rel}","templated":true}]}}