{"id":6010,"date":"2012-11-07T12:06:29","date_gmt":"2012-11-07T11:06:29","guid":{"rendered":"http:\/\/go6.si\/?p=6010"},"modified":"2012-11-07T12:07:10","modified_gmt":"2012-11-07T11:07:10","slug":"sivolitveni-portal-za-predsednika-rs-tudi-preko-ipv6","status":"publish","type":"post","link":"https:\/\/go6.si\/en\/2012\/11\/sivolitveni-portal-za-predsednika-rs-tudi-preko-ipv6\/","title":{"rendered":"(Slovensko) Volitveni portal za predsednika RS tudi preko IPv6"},"content":{"rendered":"<p><\/p>\n<p>\n<!--more--><\/p>\n<p><\/p>","protected":false},"excerpt":{"rendered":"","protected":false},"author":2,"featured_media":0,"comment_status":"open","ping_status":"open","sticky":false,"template":"","format":"standard","meta":{"ngg_post_thumbnail":0,"jetpack_post_was_ever_published":false,"_jetpack_newsletter_access":"","_jetpack_newsletter_tier_id":0,"jetpack_publicize_message":"","jetpack_is_tweetstorm":false,"jetpack_publicize_feature_enabled":true,"jetpack_social_post_already_shared":false,"jetpack_social_options":{"image_generator_settings":{"template":"highway","enabled":false}}},"categories":[2071,903,990],"tags":[],"jetpack_publicize_connections":[],"jetpack_featured_media_url":"","jetpack_sharing_enabled":true,"jetpack_shortlink":"https:\/\/wp.me\/ptA56-1yW","jetpack-related-posts":[{"id":4409,"url":"https:\/\/go6.si\/en\/2011\/06\/press-release-siolnet-najdisi-preko-protokola-ipv6\/","url_meta":{"origin":6010,"position":0},"title":"(Slovensko) Press release: SiOL.net in najdi.si preko protokola IPv6","author":"JanZorz","date":"Friday June  3rd, 2011","format":false,"excerpt":"Ljubljana, 2. junija 2011 \u2013 Na svetovni dan IPv6, v sredo, 8. junija 2011, bodo vse spletne strani v domeni dru\u017ebe Najdi, informacijske storitve, SiOL.net, najdi.si, bizi.si, itis.si dostopne tudi preko protokola IPv6. Na 5. Slo IPv6Summit, ki se v organizaciji Zavoda go6 danes in jutri odvija v Tehnolo\u0161kem parku\u2026","rel":"","context":"In &quot;IPv6 PR&quot;","block_context":{"text":"IPv6 PR","link":"https:\/\/go6.si\/en\/category\/ipv6-pr\/"},"img":{"alt_text":"","src":"","width":0,"height":0},"classes":[]},{"id":5779,"url":"https:\/\/go6.si\/en\/2012\/08\/mizks-public-tender-ipv6\/","url_meta":{"origin":6010,"position":1},"title":"MIZK\u0160 published a tender for financing e-projects requires mandatory use of IPv6&#8230;","author":"JanZorz","date":"Thursday August  2nd, 2012","format":false,"excerpt":"[English version of this post] Ministrstvo za Izobra\u017eevanje, Znanost, Kulturo in \u0160port je objavilo javni razpis za sofinanciranje projektov razvoja e-storitev in mobilnih aplikacij za javne in zasebne neprofitne organizacije, v katerem explicitno zahtevajo, da morajo vse financirane e-storitve in mobilne aplikacije delovati na IPv6. Za delovanje tudi na IPv4\u2026","rel":"","context":"In &quot;IPv6 uvajanje&quot;","block_context":{"text":"IPv6 uvajanje","link":"https:\/\/go6.si\/en\/category\/ipv6-uvajanje\/"},"img":{"alt_text":"","src":"","width":0,"height":0},"classes":[]},{"id":4508,"url":"https:\/\/go6.si\/en\/2011\/06\/simobil-nadgradil-go6-lanstvo-srebrno\/","url_meta":{"origin":6010,"position":2},"title":"(Slovensko) Simobil nadgradil Go6 \u010dlanstvo v srebrno&#8230;","author":"JanZorz","date":"Monday June 13th, 2011","format":false,"excerpt":"Simobil je nadgradil \u010dlanstvo v srebrno, kar daje slutiti, da se resno pripravljajo in uvedbo IPv6 v svojih omre\u017ejih. Z veseljem bomo pri tem pomagali ter posku\u0161ali s svojimi izku\u0161njami pomagati k hitrej\u0161i in efektivni vpeljavi IPv6 v njihova omre\u017eja ter storitve... O Simobilu: Si.mobil je kot prvi zasebni mobilni\u2026","rel":"","context":"In &quot;go6.si \u010dlani&quot;","block_context":{"text":"go6.si \u010dlani","link":"https:\/\/go6.si\/en\/category\/go6si-clani\/"},"img":{"alt_text":"","src":"","width":0,"height":0},"classes":[]},{"id":3158,"url":"https:\/\/go6.si\/en\/2010\/06\/simobil-novi-clan-go6-platforme\/","url_meta":{"origin":6010,"position":3},"title":"(Slovensko) Simobil nov \u010dlan go6 platforme&#8230;","author":"JanZorz","date":"Tuesday June 29th, 2010","format":false,"excerpt":"Pred kratkim se je go6 platformi pridru\u017eil Simobil, ki tudi za\u010denja z uvajanjem IPv6 v svoje mobilno omre\u017eje. S tem so se pod okriljem na\u0161e platforme zdru\u017eili trije najve\u010dji mobilni operaterji v Sloveniji v skupnem cilju - uvedbi IPv6. Upam da bomo dobro sodelovali pri tej nalogi, tako s platformo\u2026","rel":"","context":"In &quot;go6.si \u010dlani&quot;","block_context":{"text":"go6.si \u010dlani","link":"https:\/\/go6.si\/en\/category\/go6si-clani\/"},"img":{"alt_text":"","src":"","width":0,"height":0},"classes":[]},{"id":3851,"url":"https:\/\/go6.si\/en\/2010\/12\/mvzt-ipv6-2011-prioriteta\/","url_meta":{"origin":6010,"position":4},"title":"(Slovensko) Ministrstvo za visoko \u0161olstvo, znanost in tehnologijo uvrstilo uvedbo IPv6 med prioritete za leto 2011","author":"JanZorz","date":"Thursday December 23rd, 2010","format":false,"excerpt":"22.12.2010 je Ministrstvo za visoko \u0161olstvo, znanost in tehnologijo (MVZT) imelo novinarsko konferenco, na kateri je predstavilo dosedanje delo in prioritete v letu 2011. Omenili so dobro sodelovanje in podpiranje uvedbe IPv6 v Sloveniji in \u0161ir\u0161e, dobro sodelovanje z Zavodom Go6, predvsem pa so uvedbo IPv6 dali med prioritete za\u2026","rel":"","context":"In &quot;IPv6 cooperation&quot;","block_context":{"text":"IPv6 cooperation","link":"https:\/\/go6.si\/en\/category\/ipv6-cooperation\/"},"img":{"alt_text":"","src":"","width":0,"height":0},"classes":[]},{"id":4615,"url":"https:\/\/go6.si\/en\/2011\/07\/ipv6-brokeness-na-internetu-upada\/","url_meta":{"origin":6010,"position":5},"title":"(Slovensko) IPv6 brokeness na Internetu upada&#8230;","author":"JanZorz","date":"Friday July 29th, 2011","format":false,"excerpt":"NA IETF meetingu v Quebec City so ponudniki vsebin, kot so Google, Facebook, Yahoo in ostali veliki poro\u010dali o upadu procenta uporabnikov, ki ne morejo dostopati do njihovih strani preko IPv6. To smo dosegli z uvedbo sistema \"happy-eyeballs\" v brskalnike Chrome, Safari in menda tudi Firefox, poimenovali so ga \"fast\u2026","rel":"","context":"In &quot;IETF meetings&quot;","block_context":{"text":"IETF meetings","link":"https:\/\/go6.si\/en\/category\/ietf-meetings\/"},"img":{"alt_text":"","src":"","width":0,"height":0},"classes":[]}],"_links":{"self":[{"href":"https:\/\/go6.si\/en\/wp-json\/wp\/v2\/posts\/6010"}],"collection":[{"href":"https:\/\/go6.si\/en\/wp-json\/wp\/v2\/posts"}],"about":[{"href":"https:\/\/go6.si\/en\/wp-json\/wp\/v2\/types\/post"}],"author":[{"embeddable":true,"href":"https:\/\/go6.si\/en\/wp-json\/wp\/v2\/users\/2"}],"replies":[{"embeddable":true,"href":"https:\/\/go6.si\/en\/wp-json\/wp\/v2\/comments?post=6010"}],"version-history":[{"count":0,"href":"https:\/\/go6.si\/en\/wp-json\/wp\/v2\/posts\/6010\/revisions"}],"wp:attachment":[{"href":"https:\/\/go6.si\/en\/wp-json\/wp\/v2\/media?parent=6010"}],"wp:term":[{"taxonomy":"category","embeddable":true,"href":"https:\/\/go6.si\/en\/wp-json\/wp\/v2\/categories?post=6010"},{"taxonomy":"post_tag","embeddable":true,"href":"https:\/\/go6.si\/en\/wp-json\/wp\/v2\/tags?post=6010"}],"curies":[{"name":"wp","href":"https:\/\/api.w.org\/{rel}","templated":true}]}}