{"id":6455,"date":"2013-11-19T09:54:29","date_gmt":"2013-11-19T08:54:29","guid":{"rendered":"http:\/\/go6.si\/?p=6455"},"modified":"2013-11-19T09:54:29","modified_gmt":"2013-11-19T08:54:29","slug":"ameriski-kabelski-operaterji-pospeseno-uvajajo-ipv6-do-koncnih-uporabnikov","status":"publish","type":"post","link":"https:\/\/go6.si\/en\/2013\/11\/ameriski-kabelski-operaterji-pospeseno-uvajajo-ipv6-do-koncnih-uporabnikov\/","title":{"rendered":"(Slovensko) Ameri\u0161ki kabelski operaterji pospe\u0161eno uvajajo IPv6 do kon\u010dnih uporabnikov"},"content":{"rendered":"<p class=\"qtranxs-available-languages-message qtranxs-available-languages-message-en\">Sorry, this entry is only available in <a href=\"https:\/\/go6.si\/SI\/wp-json\/wp\/v2\/posts\/6455\" class=\"qtranxs-available-language-link qtranxs-available-language-link-SI\" title=\"Slovensko\">Slovensko<\/a>.<\/p>","protected":false},"excerpt":{"rendered":"<p>Sorry, this entry is only available in Slovensko.<\/p>\n","protected":false},"author":2,"featured_media":0,"comment_status":"open","ping_status":"open","sticky":false,"template":"","format":"standard","meta":{"ngg_post_thumbnail":0,"jetpack_post_was_ever_published":false,"_jetpack_newsletter_access":"","_jetpack_newsletter_tier_id":0,"jetpack_publicize_message":"","jetpack_is_tweetstorm":false,"jetpack_publicize_feature_enabled":true,"jetpack_social_post_already_shared":true,"jetpack_social_options":{"image_generator_settings":{"template":"highway","enabled":false}}},"categories":[35,990,2465],"tags":[],"jetpack_publicize_connections":[],"jetpack_featured_media_url":"","jetpack_sharing_enabled":true,"jetpack_shortlink":"https:\/\/wp.me\/ptA56-1G7","jetpack-related-posts":[{"id":6056,"url":"https:\/\/go6.si\/en\/2012\/12\/sivse-dobro-letu-2013\/","url_meta":{"origin":6455,"position":0},"title":"(Slovensko) Vse dobro v letu 2013","author":"JanZorz","date":"Monday December 31st, 2012","format":false,"excerpt":"Leto 2012, katerega so mnogi ozna\u010devali za leto IPv6 se zaklju\u010duje in prihaja leto 2013, katerega mnogi ozna\u010dujejo za leto IPv6 - a tokrat zares... V preteklem letu se je mnogo stvari premaknilo naprej v IPv6 svetu in svetu Interneta, a vendar ne toliko, kolikor se je pri\u010dakovalo. Imeli smo\u2026","rel":"","context":"In &quot;IPv6 razno&quot;","block_context":{"text":"IPv6 razno","link":"https:\/\/go6.si\/en\/category\/ipv6-razno\/"},"img":{"alt_text":"","src":"","width":0,"height":0},"classes":[]},{"id":2033,"url":"https:\/\/go6.si\/en\/2009\/12\/strato-nemski-ponudnik-strezniskega-gostovanja-je-omogocil-ipv6\/","url_meta":{"origin":6455,"position":1},"title":"(Slovensko) Strato, nem\u0161ki ponudnik stre\u017eni\u0161kega gostovanja uvaja IPv6 za namenske stre\u017enike.","author":"JanZorz","date":"Wednesday December  9th, 2009","format":false,"excerpt":"Ponudniki gostovanja stre\u017enikov naj ne bi imeli prav dosti dela z uvedbo IPv6 v svoje omre\u017eje in storitve, kar je dokazala \u017ee Domenca s ponudbo virtualnih privatnih stre\u017enikov (VPS) s podporo IPv4\/IPv6 kot tudi gostovanja fizi\u010dnih stre\u017enikov s podporo obeh protokolov. Sedaj se je opogumil tudi nem\u0161ki Strato, ki to\u2026","rel":"","context":"In &quot;IPv6 izku\u0161nje pri uvajanju&quot;","block_context":{"text":"IPv6 izku\u0161nje pri uvajanju","link":"https:\/\/go6.si\/en\/category\/ipv6-izkusnje-pri-uvajanju\/"},"img":{"alt_text":"","src":"","width":0,"height":0},"classes":[]},{"id":4418,"url":"https:\/\/go6.si\/en\/2011\/06\/5-slo-ipv6-summit-povzetek\/","url_meta":{"origin":6455,"position":2},"title":"(Slovensko) 5. Slo IPv6 summit &#8211; povzetek","author":"JanZorz","date":"Monday June  6th, 2011","format":false,"excerpt":"2. in 3. junija 2011 je v organizaciji\u00a0Arnesa,\u00a0zavoda Go6 in\u00a0Laboratorija za telekomunikacije na Fakulteti za elektrotehniko v Ljubljani (LTFE) potekalo \u017ee peto IPv6-sre\u010danje. Dogodek je ponovno zdru\u017eil klju\u010dne slovenske akterje pri uvajanju novega internetnega protokola, prav tako pa se lahko zopet pohvali z ugledno mednarodno udele\u017ebo. Udele\u017eilo se ga je\u2026","rel":"","context":"In &quot;Slo IPv6 summit&quot;","block_context":{"text":"Slo IPv6 summit","link":"https:\/\/go6.si\/en\/category\/slo-ipv6-summit-2\/"},"img":{"alt_text":"","src":"","width":0,"height":0},"classes":[]},{"id":3021,"url":"https:\/\/go6.si\/en\/2010\/05\/indija-pripravlja-akcijski-nacrt-za-uvedbo-ipv6\/","url_meta":{"origin":6455,"position":3},"title":"(Slovensko) Indija pripravlja akcijski na\u010drt za uvedbo IPv6.","author":"JanZorz","date":"Wednesday May 26th, 2010","format":false,"excerpt":"Po\u010dasi bo ve\u010dina dr\u017eav sveta za\u010dela razmi\u0161ljati o akcijskih na\u010drtih za uvedbo IPv6, tokrat je to objavila Indija... Akcijski na\u010drt in morebitna nacionalna strategija za IPv6, ki temu sledi je zelo dobra podpora uvedbi IPv6 v dr\u017eavnih omre\u017ejih in podjetjih, ki so v lasti (ali delni lasti) dr\u017eave, pomaga pa\u2026","rel":"","context":"In &quot;IPv6 uvajanje&quot;","block_context":{"text":"IPv6 uvajanje","link":"https:\/\/go6.si\/en\/category\/ipv6-uvajanje\/"},"img":{"alt_text":"","src":"","width":0,"height":0},"classes":[]},{"id":680,"url":"https:\/\/go6.si\/en\/2009\/06\/comcast-gre-na-ipv6\/","url_meta":{"origin":6455,"position":4},"title":"(Slovensko) Comcast gre na IPv6","author":"JanZorz","date":"Wednesday June 24th, 2009","format":false,"excerpt":"Comcast, najve\u010dji ISP v USA je na NANOG-u oznanil, da je omogo\u010dil IPv6 v svojem hosting centru (wholesale) in tako lahko vsi ponudniki vsebin in servisov, ki gostujejo pri njih ponudijo svoje vsebine tudi preko IPv6... Zaenkrat \u0161e ne bodo omogo\u010dili tudi IPv6 do kon\u010dnih uporabnikov, so pa pokazali na\u2026","rel":"","context":"In &quot;Inet politika&quot;","block_context":{"text":"Inet politika","link":"https:\/\/go6.si\/en\/category\/inet-politika\/"},"img":{"alt_text":"","src":"","width":0,"height":0},"classes":[]},{"id":4544,"url":"https:\/\/go6.si\/en\/2011\/06\/slovenija-zdrsnila-na-drugo-mesto-po-vynckeorg-ipv6-meritvah\/","url_meta":{"origin":6455,"position":5},"title":"(Slovensko) Slovenija zdrsnila na drugo mesto po Vyncke.org IPv6 meritvah","author":"JanZorz","date":"Tuesday June 21st, 2011","format":false,"excerpt":"Eric Vyncke, na\u0161 keynoter na naslednjem, novemberskem summitu izvaja meritve, kak\u0161en procent URL naslovov iz Alexa top-50 za posamezno dr\u017eavo je dosegljivih tudi na IPv6. Nizozemska nas je prehitela z enako procenti (20) in dvema \"pol\" naslovoma, ipv6.domena.nl... Kaj te meritve sploh merijo in prikazujejo? Iz Alexa iskalnika vzamejo za\u2026","rel":"","context":"In &quot;IPv6 uvajanje&quot;","block_context":{"text":"IPv6 uvajanje","link":"https:\/\/go6.si\/en\/category\/ipv6-uvajanje\/"},"img":{"alt_text":"","src":"","width":0,"height":0},"classes":[]}],"_links":{"self":[{"href":"https:\/\/go6.si\/en\/wp-json\/wp\/v2\/posts\/6455"}],"collection":[{"href":"https:\/\/go6.si\/en\/wp-json\/wp\/v2\/posts"}],"about":[{"href":"https:\/\/go6.si\/en\/wp-json\/wp\/v2\/types\/post"}],"author":[{"embeddable":true,"href":"https:\/\/go6.si\/en\/wp-json\/wp\/v2\/users\/2"}],"replies":[{"embeddable":true,"href":"https:\/\/go6.si\/en\/wp-json\/wp\/v2\/comments?post=6455"}],"version-history":[{"count":0,"href":"https:\/\/go6.si\/en\/wp-json\/wp\/v2\/posts\/6455\/revisions"}],"wp:attachment":[{"href":"https:\/\/go6.si\/en\/wp-json\/wp\/v2\/media?parent=6455"}],"wp:term":[{"taxonomy":"category","embeddable":true,"href":"https:\/\/go6.si\/en\/wp-json\/wp\/v2\/categories?post=6455"},{"taxonomy":"post_tag","embeddable":true,"href":"https:\/\/go6.si\/en\/wp-json\/wp\/v2\/tags?post=6455"}],"curies":[{"name":"wp","href":"https:\/\/api.w.org\/{rel}","templated":true}]}}